{"id":54363,"date":"2024-11-03T09:55:19","date_gmt":"2024-11-03T09:55:19","guid":{"rendered":"https:\/\/tvbrazilusa.com\/2024\/11\/03\/israel-elimina-comandante-de-forca-de-elite-do-hezbollah-em-operacao-no-libano\/"},"modified":"2024-11-03T09:55:20","modified_gmt":"2024-11-03T09:55:20","slug":"israel-elimina-comandante-de-forca-de-elite-do-hezbollah-em-operacao-no-libano","status":"publish","type":"post","link":"https:\/\/tvbrazilusa.com\/pt\/2024\/11\/03\/israel-elimina-comandante-de-forca-de-elite-do-hezbollah-em-operacao-no-libano\/","title":{"rendered":"Israel elimina comandante de for\u00e7a de elite do Hezbollah em opera\u00e7\u00e3o no L\u00edbano"},"content":{"rendered":"<p> <script async src=\"https:\/\/pagead2.googlesyndication.com\/pagead\/js\/adsbygoogle.js?client=ca-pub-8864793242727901\"\r\n     crossorigin=\"anonymous\"><\/script><br \/>\n<\/p>\n<div id=\"taboola-read-more\" style=\"display:block; width:100%\">\n<p>Dois comandantes do grupo extremista Hezbollah foram mortos em ataques na regi\u00e3o Sul do L\u00edbano, informaram neste domingo (3) as For\u00e7as de Defesa de Israel (IDF, na sigla em ingl\u00eas) pelo aplicativo Telegram.\n<\/p>\n<p>Segundo o comunicado, um dos mortos era o terrorista Youssef Ahmad Nun, que atuava na For\u00e7a Radwan, um grupo de elite do Hezbollah. Ele era respons\u00e1vel por ataques com foguetes e m\u00edsseis contra comunidades israelenses na Galileia.<\/p>\n<p>O outro terrorista, Farouk Amin Alasi, era comandante do grupo extremista na \u00e1rea de Khiam, no Sul do L\u00edbano. Ele, que foi morto pela For\u00e7a A\u00e9rea de Israel (IAF, na sigla em ingl\u00eas), operou diversos ataques com m\u00edsseis principalmente na cidade de Metula, no norte israelense, conforme o comunicado.\n<\/p>\n<p>As for\u00e7as de Israel tamb\u00e9m informaram que continuam &#8220;atividades operacionais&#8221; na regi\u00e3o sul libanesa. Est\u00e3o sendo feitos ataques a\u00e9reos e combates terrestres.\n<\/p>\n<p>De acordo com o comunicado israelense, as tropas localizaram grandes quantidades de armamentos do Hezbollah.\n<\/p>\n<p>Al\u00e9m disso, a IDF afirmou que, na \u00faltima semana, matou o terrorista Raafat Ibrahim Mahmoud Akdeih, que integrada a Nukhba, uma unidade de elite da Jihad Isl\u00e2mica Palestina. Ele teria participado do ataque a Israel em outubro de 2023.\n<\/p>\n<p>Ataques em Gaza<br \/>No s\u00e1bado (2), as for\u00e7as israelenses continuaram os ataques ao norte da Faixa de Gaza. Segundo comunicado, dezenas de terroristas foram mortos.\n<\/p>\n<p>&#8220;As tropas do IDF continuam atividades operacionais na Faixa de Gaza central e sul, localizando armamentos e eliminando c\u00e9lulas terroristas. No \u00faltimo dia, as tropas desmantelaram instala\u00e7\u00f5es de armazenamento de armas e eliminaram terroristas que representavam uma amea\u00e7a para as tropas&#8221;, informou o comunicado.\n<\/p>\n<p>Fonte: g1              <\/p>\n<\/div>\n<p><br \/>\n<br \/><a href=\"https:\/\/diariodobrasilnoticias.com.br\/noticia\/israel-elimina-comandante-de-forca-de-elite-do-hezbollah-em-operacao-no-libano-672746b7e285d\">Source link <\/a><\/p>","protected":false},"excerpt":{"rendered":"<p>Dois comandantes do grupo extremista Hezbollah foram mortos em ataques na regi\u00e3o Sul do L\u00edbano, informaram neste domingo (3) as For\u00e7as de Defesa de Israel (IDF, na sigla em ingl\u00eas)&hellip;<\/p>","protected":false},"author":1,"featured_media":54364,"comment_status":"closed","ping_status":"open","sticky":false,"template":"","format":"standard","meta":{"content-type":"","footnotes":""},"categories":[16],"tags":[123,2448,5313,1267],"class_list":["post-54363","post","type-post","status-publish","format-standard","has-post-thumbnail","hentry","category-noticias","tag-brasil","tag-diario","tag-noticia","tag-noticias"],"_links":{"self":[{"href":"https:\/\/tvbrazilusa.com\/pt\/wp-json\/wp\/v2\/posts\/54363","targetHints":{"allow":["GET"]}}],"collection":[{"href":"https:\/\/tvbrazilusa.com\/pt\/wp-json\/wp\/v2\/posts"}],"about":[{"href":"https:\/\/tvbrazilusa.com\/pt\/wp-json\/wp\/v2\/types\/post"}],"author":[{"embeddable":true,"href":"https:\/\/tvbrazilusa.com\/pt\/wp-json\/wp\/v2\/users\/1"}],"replies":[{"embeddable":true,"href":"https:\/\/tvbrazilusa.com\/pt\/wp-json\/wp\/v2\/comments?post=54363"}],"version-history":[{"count":1,"href":"https:\/\/tvbrazilusa.com\/pt\/wp-json\/wp\/v2\/posts\/54363\/revisions"}],"predecessor-version":[{"id":54365,"href":"https:\/\/tvbrazilusa.com\/pt\/wp-json\/wp\/v2\/posts\/54363\/revisions\/54365"}],"wp:featuredmedia":[{"embeddable":true,"href":"https:\/\/tvbrazilusa.com\/pt\/wp-json\/wp\/v2\/media\/54364"}],"wp:attachment":[{"href":"https:\/\/tvbrazilusa.com\/pt\/wp-json\/wp\/v2\/media?parent=54363"}],"wp:term":[{"taxonomy":"category","embeddable":true,"href":"https:\/\/tvbrazilusa.com\/pt\/wp-json\/wp\/v2\/categories?post=54363"},{"taxonomy":"post_tag","embeddable":true,"href":"https:\/\/tvbrazilusa.com\/pt\/wp-json\/wp\/v2\/tags?post=54363"}],"curies":[{"name":"wp","href":"https:\/\/api.w.org\/{rel}","templated":true}]}}