{"id":54450,"date":"2024-11-03T15:54:16","date_gmt":"2024-11-03T15:54:16","guid":{"rendered":"https:\/\/tvbrazilusa.com\/2024\/11\/03\/segundo-economistas-ha-sinais-claros-de-descontrole-das-contas-do-governo\/"},"modified":"2024-11-03T15:54:18","modified_gmt":"2024-11-03T15:54:18","slug":"segundo-economistas-ha-sinais-claros-de-descontrole-das-contas-do-governo","status":"publish","type":"post","link":"https:\/\/tvbrazilusa.com\/pt\/2024\/11\/03\/segundo-economistas-ha-sinais-claros-de-descontrole-das-contas-do-governo\/","title":{"rendered":"Segundo economistas, h\u00e1 sinais claros de descontrole das contas do governo"},"content":{"rendered":"<p> <script async src=\"https:\/\/pagead2.googlesyndication.com\/pagead\/js\/adsbygoogle.js?client=ca-pub-8864793242727901\"\r\n     crossorigin=\"anonymous\"><\/script><br \/>\n<\/p>\n<div id=\"taboola-read-more\" style=\"display:block; width:100%\">\n<p>Na \u00faltima semana, o ministro da Fazenda, Fernando Haddad, afirmou que ocorre uma \u201cfor\u00e7a\u00e7\u00e3o boba\u201d para que o governo apresente ao Congresso um conjunto de medidas para corte de gastos.\n<\/p>\n<p>A conduta do atual ministro tem sido questionada por parte do mercado. Para o economista-chefe da MB Associados, Sergio Vale, Haddad foi h\u00e1bil em aprovar a reforma tribut\u00e1ria e alguns ajustes na arrecada\u00e7\u00e3o, mas o grande ajuste que ainda falta \u00e9 nos gastos.<\/p>\n<p>Para o economista, mesmo que Haddad sinalize querer lidar com o ajuste dos gastos, existe uma resist\u00eancia do governo.\n<\/p>\n<p>\u201cJ\u00e1 se v\u00e3o dois anos, \u00e9 dif\u00edcil imaginar que um grande ajuste fiscal vai acontecer ainda. Vai ser algum paliativo de corte de gastos para 2025, talvez na casa de R$ 50 bilh\u00f5es, que levaria o d\u00e9ficit para 0,25% do PIB.\u201d\n<\/p>\n<p>Vale destacou ainda que, sob estas condi\u00e7\u00f5es, s\u00f3 deve ocorrer um ajuste fiscal mais significativo em 2025.\n<\/p>\n<p>\u201cAt\u00e9 2026 devemos ter uma alta de 12 pontos percentuais na d\u00edvida p\u00fablica bruta. Sem nenhum cen\u00e1rio de crise, isso n\u00e3o se justifica\u201d, apontou.\n<\/p>\n<p>Para Daiane Gubert, head de assessoria de investimentos da Melver, a situa\u00e7\u00e3o atual tamb\u00e9m n\u00e3o est\u00e1 favor\u00e1vel para a economia brasileira.\n<\/p>\n<p>\u201cExistem sinais claros de descontrole fiscal e a consequ\u00eancia j\u00e1 \u00e9 totalmente percebida. Ela \u00e9 ditada pelo mercado com t\u00edtulos da d\u00edvida p\u00fablica rondando os 13% e infla\u00e7\u00e3o a cerca de 7%\u201d.\n<\/p>\n<p>As medidas atuais, segundo Gubert, devem ter impacto generalizado. \u201cO risco, o d\u00f3lar e a infla\u00e7\u00e3o sobem. E, com isso, esse c\u00edrculo vicioso deprime a economia brasileira\u201d, avalia.\n<\/p>\n<p>Fonte: CNN              <\/p>\n<\/div>\n<p><br \/>\n<br \/><a href=\"https:\/\/diariodobrasilnoticias.com.br\/noticia\/segundo-economistas-ha-sinais-claros-de-descontrole-das-contas-do-governo-6727837c67244\">Source link <\/a><\/p>","protected":false},"excerpt":{"rendered":"<p>Na \u00faltima semana, o ministro da Fazenda, Fernando Haddad, afirmou que ocorre uma \u201cfor\u00e7a\u00e7\u00e3o boba\u201d para que o governo apresente ao Congresso um conjunto de medidas para corte de gastos.&hellip;<\/p>","protected":false},"author":1,"featured_media":54451,"comment_status":"closed","ping_status":"open","sticky":false,"template":"","format":"standard","meta":{"content-type":"","footnotes":""},"categories":[16],"tags":[123,2448,5313,1267],"class_list":["post-54450","post","type-post","status-publish","format-standard","has-post-thumbnail","hentry","category-noticias","tag-brasil","tag-diario","tag-noticia","tag-noticias"],"_links":{"self":[{"href":"https:\/\/tvbrazilusa.com\/pt\/wp-json\/wp\/v2\/posts\/54450","targetHints":{"allow":["GET"]}}],"collection":[{"href":"https:\/\/tvbrazilusa.com\/pt\/wp-json\/wp\/v2\/posts"}],"about":[{"href":"https:\/\/tvbrazilusa.com\/pt\/wp-json\/wp\/v2\/types\/post"}],"author":[{"embeddable":true,"href":"https:\/\/tvbrazilusa.com\/pt\/wp-json\/wp\/v2\/users\/1"}],"replies":[{"embeddable":true,"href":"https:\/\/tvbrazilusa.com\/pt\/wp-json\/wp\/v2\/comments?post=54450"}],"version-history":[{"count":1,"href":"https:\/\/tvbrazilusa.com\/pt\/wp-json\/wp\/v2\/posts\/54450\/revisions"}],"predecessor-version":[{"id":54452,"href":"https:\/\/tvbrazilusa.com\/pt\/wp-json\/wp\/v2\/posts\/54450\/revisions\/54452"}],"wp:featuredmedia":[{"embeddable":true,"href":"https:\/\/tvbrazilusa.com\/pt\/wp-json\/wp\/v2\/media\/54451"}],"wp:attachment":[{"href":"https:\/\/tvbrazilusa.com\/pt\/wp-json\/wp\/v2\/media?parent=54450"}],"wp:term":[{"taxonomy":"category","embeddable":true,"href":"https:\/\/tvbrazilusa.com\/pt\/wp-json\/wp\/v2\/categories?post=54450"},{"taxonomy":"post_tag","embeddable":true,"href":"https:\/\/tvbrazilusa.com\/pt\/wp-json\/wp\/v2\/tags?post=54450"}],"curies":[{"name":"wp","href":"https:\/\/api.w.org\/{rel}","templated":true}]}}