{"id":54453,"date":"2024-11-03T16:11:27","date_gmt":"2024-11-03T16:11:27","guid":{"rendered":"https:\/\/tvbrazilusa.com\/2024\/11\/03\/tarcisio-e-caiado-conversaram-pelo-telefone-sobre-a-pec-da-seguranca-antes-de-encontro-com-lula\/"},"modified":"2024-11-03T16:11:28","modified_gmt":"2024-11-03T16:11:28","slug":"tarcisio-e-caiado-conversaram-pelo-telefone-sobre-a-pec-da-seguranca-antes-de-encontro-com-lula","status":"publish","type":"post","link":"https:\/\/tvbrazilusa.com\/pt\/2024\/11\/03\/tarcisio-e-caiado-conversaram-pelo-telefone-sobre-a-pec-da-seguranca-antes-de-encontro-com-lula\/","title":{"rendered":"Tarc\u00edsio e Caiado conversaram pelo telefone sobre a PEC da seguran\u00e7a antes de encontro com Lula"},"content":{"rendered":"<p> <script async src=\"https:\/\/pagead2.googlesyndication.com\/pagead\/js\/adsbygoogle.js?client=ca-pub-8864793242727901\"\r\n     crossorigin=\"anonymous\"><\/script><br \/>\n<\/p>\n<div id=\"taboola-read-more\" style=\"display:block; width:100%\">\n<p>Os governadores Tarc\u00edsio de Freitas (Republicanos-SP) e Ronaldo Caiado (Uni\u00e3o-GO) conversaram ao telefone antes de se encontrarem com o presidente Lula na \u00faltima quinta-feira (31\/10). Foi uma pr\u00e9via da tens\u00e3o que envolve a direita e o Planalto em rela\u00e7\u00e3o \u00e0 PEC da Seguran\u00e7a, apresentada pelo governo federal aos gestores estaduais.\n<\/p>\n<p>Durante a conversa, eles reclamaram de n\u00e3o terem recebido, com alguma antecipa\u00e7\u00e3o, o texto da PEC, reduzindo a chance de debater o assunto com Lula na reuni\u00e3o. O principal ponto de inflex\u00e3o de Caiado e Tarc\u00edsio sobre o plano federal para a Seguran\u00e7a \u00e9 o uso de c\u00e2meras pelos policiais. Eles reclamam de interfer\u00eancia da Uni\u00e3o em um tema que, argumentam, \u00e9 de compet\u00eancia dos estados.<\/p>\n<p>No encontro, Caiado chegou a trocar farpas com Lula. \u201cA hora que eu botei regra na penitenci\u00e1ria de Goi\u00e1s, o crime acabou. Roubava-se dez mil carros por ano em Goi\u00e1s, n\u00e3o rouba nenhum mais. N\u00e3o \u00e9 um escrit\u00f3rio do crime mais. A minha proposta \u00e9 exatamente essa, que esse texto d\u00ea aos estados a prerrogativa da legisla\u00e7\u00e3o penal e penitenci\u00e1ria para n\u00f3s acabarmos com o crime no pa\u00eds porque, em Goi\u00e1s, eu acabei com ele\u201d, disse o governador.\n<\/p>\n<p>O presidente reagiu com ironia: \u201cEu tive a oportunidade de conhecer hoje o \u00fanico Estado que n\u00e3o tem problema de seguran\u00e7a, que \u00e9 o Estado de Goi\u00e1s. Eu pe\u00e7o ao Ricardo Lewandowski ir l\u00e1 levantar (os dados), porque deve ser refer\u00eancia para todos os outros governadores. Ao inv\u00e9s de eu chamar uma reuni\u00e3o, era o Caiado que deveria ter chamado uma reuni\u00e3o\u201d.\n<\/p>\n<p>Caiado \u00e9 um dos principais cotados para disputar a elei\u00e7\u00e3o de 2026 contra Lula. O governador goiano est\u00e1 em seu segundo mandato e apresenta a seguran\u00e7a p\u00fablica como o carro-chefe de sua gest\u00e3o.\n<\/p>\n<p>Fonte: Metr\u00f3poles              <\/p>\n<\/div>\n<p><br \/>\n<br \/><a href=\"https:\/\/diariodobrasilnoticias.com.br\/noticia\/tarcisio-e-caiado-conversaram-pelo-telefone-sobre-a-pec-da-seguranca-antes-de-encontro-com-lula-672784bf39f5d\">Source link <\/a><\/p>","protected":false},"excerpt":{"rendered":"<p>Os governadores Tarc\u00edsio de Freitas (Republicanos-SP) e Ronaldo Caiado (Uni\u00e3o-GO) conversaram ao telefone antes de se encontrarem com o presidente Lula na \u00faltima quinta-feira (31\/10). Foi uma pr\u00e9via da tens\u00e3o&hellip;<\/p>","protected":false},"author":1,"featured_media":54454,"comment_status":"closed","ping_status":"open","sticky":false,"template":"","format":"standard","meta":{"content-type":"","footnotes":""},"categories":[16],"tags":[123,2448,5313,1267],"class_list":["post-54453","post","type-post","status-publish","format-standard","has-post-thumbnail","hentry","category-noticias","tag-brasil","tag-diario","tag-noticia","tag-noticias"],"_links":{"self":[{"href":"https:\/\/tvbrazilusa.com\/pt\/wp-json\/wp\/v2\/posts\/54453","targetHints":{"allow":["GET"]}}],"collection":[{"href":"https:\/\/tvbrazilusa.com\/pt\/wp-json\/wp\/v2\/posts"}],"about":[{"href":"https:\/\/tvbrazilusa.com\/pt\/wp-json\/wp\/v2\/types\/post"}],"author":[{"embeddable":true,"href":"https:\/\/tvbrazilusa.com\/pt\/wp-json\/wp\/v2\/users\/1"}],"replies":[{"embeddable":true,"href":"https:\/\/tvbrazilusa.com\/pt\/wp-json\/wp\/v2\/comments?post=54453"}],"version-history":[{"count":1,"href":"https:\/\/tvbrazilusa.com\/pt\/wp-json\/wp\/v2\/posts\/54453\/revisions"}],"predecessor-version":[{"id":54455,"href":"https:\/\/tvbrazilusa.com\/pt\/wp-json\/wp\/v2\/posts\/54453\/revisions\/54455"}],"wp:featuredmedia":[{"embeddable":true,"href":"https:\/\/tvbrazilusa.com\/pt\/wp-json\/wp\/v2\/media\/54454"}],"wp:attachment":[{"href":"https:\/\/tvbrazilusa.com\/pt\/wp-json\/wp\/v2\/media?parent=54453"}],"wp:term":[{"taxonomy":"category","embeddable":true,"href":"https:\/\/tvbrazilusa.com\/pt\/wp-json\/wp\/v2\/categories?post=54453"},{"taxonomy":"post_tag","embeddable":true,"href":"https:\/\/tvbrazilusa.com\/pt\/wp-json\/wp\/v2\/tags?post=54453"}],"curies":[{"name":"wp","href":"https:\/\/api.w.org\/{rel}","templated":true}]}}