{"id":54470,"date":"2024-11-03T17:24:05","date_gmt":"2024-11-03T17:24:05","guid":{"rendered":"https:\/\/tvbrazilusa.com\/2024\/11\/03\/enem-2024-candidatos-passam-por-perrengue-e-empurram-onibus-atolado-para-conseguir-chegar-ao-local-de-prova-veja-video\/"},"modified":"2024-11-03T17:24:06","modified_gmt":"2024-11-03T17:24:06","slug":"enem-2024-candidatos-passam-por-perrengue-e-empurram-onibus-atolado-para-conseguir-chegar-ao-local-de-prova-veja-video","status":"publish","type":"post","link":"https:\/\/tvbrazilusa.com\/pt\/2024\/11\/03\/enem-2024-candidatos-passam-por-perrengue-e-empurram-onibus-atolado-para-conseguir-chegar-ao-local-de-prova-veja-video\/","title":{"rendered":"Enem 2024: Candidatos passam por perrengue e empurram \u00f4nibus atolado para conseguir chegar ao local de prova; VEJA V\u00cdDEO"},"content":{"rendered":"<p> <script async src=\"https:\/\/pagead2.googlesyndication.com\/pagead\/js\/adsbygoogle.js?client=ca-pub-8864793242727901\"\r\n     crossorigin=\"anonymous\"><\/script><br \/>\n<\/p>\n<div id=\"taboola-read-more\" style=\"display:block; width:100%\">\n<p>Estudantes de Lizarda, regi\u00e3o leste do Tocantins, passaram um sufoco no caminho para o primeiro dia de prova do Exame Nacional do Ensino M\u00e9dio (Enem) neste domingo (3). Isso porque eles fazem a prova na cidade de Novo Acordo e durante o trajeto o \u00f4nibus escolar em que estavam atolou na lama. Para seguir viagem tiveram que sair e empurrar o ve\u00edculo.\n<\/p>\n<p>O momento foi registrado em v\u00eddeo pelos estudantes. Nas imagens, \u00e9 poss\u00edvel ver v\u00e1rios alunos na traseira do ve\u00edculo, tentando retir\u00e1-lo da lama. Amanda Reis terminou o ensino m\u00e9dio e vai fazer a prova neste domingo. Ela presenciou todo o ocorrido e contou ao g1 que estavam na metade do caminho quando o \u00f4nibus atolou.<\/p>\n<p>Lizarda \u00e9 uma cidade do interior bem distante, as estradas s\u00e3o bem prec\u00e1rias. Essa situa\u00e7\u00e3o bem no dia do Enem acaba desanimando n\u00f3s estudantes. Passar por essa situa\u00e7\u00e3o foi bem angustiante e estressante, pois fiquei com medo de perder a prova que decidir\u00e1 o meu futuro&#8221;, disse.\n<\/p>\n<p>O g1 solicitou informa\u00e7\u00f5es sobre o caso para a Prefeitura de Lizarda, mas n\u00e3o teve retorno at\u00e9 a publica\u00e7\u00e3o da mat\u00e9ria.\n<\/p>\n<p>O \u00f4nibus saiu de Lizarda \u00e0s 3h40 e por volta das 6h50 atolou no meio do caminho. Os estudantes conseguiram tirar o ve\u00edculo da lama e chegaram a Novo Acordo \u00e0s 8h30. A prova do Enem come\u00e7a 13h30.\n<\/p>\n<p>Segundo Amanda, n\u00e3o h\u00e1 provas do Enem em Lizarda e os alunos precisam ir \u00e0 Novo Acordo ou para Palmas fazer o exame.\n<\/p>\n<p>&#8220;Como Novo Acordo \u00e9 mais perto optamos por l\u00e1. O munic\u00edpio tamb\u00e9m oferece o \u00f4nibus. Portanto \u00e9 mais adequado escolhermos Novo Acordo&#8221;, contou.\n<\/p>\n<p>Veja v\u00eddeo:\n<\/p>\n<p>Fonte: g1              <\/p>\n<\/div>\n<p><br \/>\n<br \/><a href=\"https:\/\/diariodobrasilnoticias.com.br\/noticia\/enem-2024-candidatos-passam-por-perrengue-e-empurram-onibus-atolado-para-conseguir-chegar-ao-local-de-prova-veja-video-6727a2d8cad86\">Source link <\/a><\/p>","protected":false},"excerpt":{"rendered":"<p>Estudantes de Lizarda, regi\u00e3o leste do Tocantins, passaram um sufoco no caminho para o primeiro dia de prova do Exame Nacional do Ensino M\u00e9dio (Enem) neste domingo (3). Isso porque&hellip;<\/p>","protected":false},"author":1,"featured_media":54471,"comment_status":"closed","ping_status":"open","sticky":false,"template":"","format":"standard","meta":{"content-type":"","footnotes":""},"categories":[16],"tags":[123,2448,5313,1267],"class_list":["post-54470","post","type-post","status-publish","format-standard","has-post-thumbnail","hentry","category-noticias","tag-brasil","tag-diario","tag-noticia","tag-noticias"],"_links":{"self":[{"href":"https:\/\/tvbrazilusa.com\/pt\/wp-json\/wp\/v2\/posts\/54470","targetHints":{"allow":["GET"]}}],"collection":[{"href":"https:\/\/tvbrazilusa.com\/pt\/wp-json\/wp\/v2\/posts"}],"about":[{"href":"https:\/\/tvbrazilusa.com\/pt\/wp-json\/wp\/v2\/types\/post"}],"author":[{"embeddable":true,"href":"https:\/\/tvbrazilusa.com\/pt\/wp-json\/wp\/v2\/users\/1"}],"replies":[{"embeddable":true,"href":"https:\/\/tvbrazilusa.com\/pt\/wp-json\/wp\/v2\/comments?post=54470"}],"version-history":[{"count":1,"href":"https:\/\/tvbrazilusa.com\/pt\/wp-json\/wp\/v2\/posts\/54470\/revisions"}],"predecessor-version":[{"id":54472,"href":"https:\/\/tvbrazilusa.com\/pt\/wp-json\/wp\/v2\/posts\/54470\/revisions\/54472"}],"wp:featuredmedia":[{"embeddable":true,"href":"https:\/\/tvbrazilusa.com\/pt\/wp-json\/wp\/v2\/media\/54471"}],"wp:attachment":[{"href":"https:\/\/tvbrazilusa.com\/pt\/wp-json\/wp\/v2\/media?parent=54470"}],"wp:term":[{"taxonomy":"category","embeddable":true,"href":"https:\/\/tvbrazilusa.com\/pt\/wp-json\/wp\/v2\/categories?post=54470"},{"taxonomy":"post_tag","embeddable":true,"href":"https:\/\/tvbrazilusa.com\/pt\/wp-json\/wp\/v2\/tags?post=54470"}],"curies":[{"name":"wp","href":"https:\/\/api.w.org\/{rel}","templated":true}]}}