{"id":54473,"date":"2024-11-03T17:36:51","date_gmt":"2024-11-03T17:36:51","guid":{"rendered":"https:\/\/tvbrazilusa.com\/2024\/11\/03\/moradores-revoltados-atacam-rei-e-primeiro-ministro-da-espanha-com-pedras-e-lama-em-visita-as-areas-atingidas-pelas-enchentes-veja-o-video\/"},"modified":"2024-11-03T17:36:53","modified_gmt":"2024-11-03T17:36:53","slug":"moradores-revoltados-atacam-rei-e-primeiro-ministro-da-espanha-com-pedras-e-lama-em-visita-as-areas-atingidas-pelas-enchentes-veja-o-video","status":"publish","type":"post","link":"https:\/\/tvbrazilusa.com\/pt\/2024\/11\/03\/moradores-revoltados-atacam-rei-e-primeiro-ministro-da-espanha-com-pedras-e-lama-em-visita-as-areas-atingidas-pelas-enchentes-veja-o-video\/","title":{"rendered":"Moradores revoltados atacam rei e primeiro-ministro da Espanha com pedras e lama em visita \u00e0s \u00e1reas atingidas pelas enchentes; VEJA O V\u00cdDEO"},"content":{"rendered":"<p> <script async src=\"https:\/\/pagead2.googlesyndication.com\/pagead\/js\/adsbygoogle.js?client=ca-pub-8864793242727901\"\r\n     crossorigin=\"anonymous\"><\/script><br \/>\n<\/p>\n<div id=\"taboola-read-more\" style=\"display:block; width:100%\">\n<p>Integrantes da fam\u00edlia real espanhola e outras autoridades, como o primeiro-ministro Pedro S\u00e1nchez, foram recebidos sob gritos de \u201cassassinos\u201d durante visita a comunidade de Paiporta, em Val\u00eancia, uma das regi\u00f5es mais afetadas pelas enchentes desta semana, que j\u00e1 deixou mais de 200 mortos.\n<\/p>\n<p>O rei Felipe 6\u00ba, a rainha Letizia, S\u00e1nchez e o presidente valenciano (equivalente a governador), Carlos Mazon, foram atacados pelos moradores com pedras e lama.<\/p>\n<p>Felipe 6\u00ba tentava conversar com alguns moradores da \u00e1rea que acusavam as autoridades de t\u00ea-los abandonado \u00e0 pr\u00f3pria sorte e de n\u00e3o oferecer ajuda, enquanto continua a busca por sobreviventes sob a amea\u00e7a de novas chuvas torrenciais durante o dia.\n<\/p>\n<p>Por meio das redes sociais, a Casa Real informou sobre a visita. \u201cOs reis visitam o posto de comando avan\u00e7ado em Paiporta\u201d, um munic\u00edpio de 27 mil habitantes a oeste da cidade de Val\u00eancia particularmente atingido.\n<\/p>\n<p>Os reis tiveram que deixar a \u00e1rea de inunda\u00e7\u00f5es \u00e0s pressas durante o protesto.\n<\/p>\n<p>Veja v\u00eddeo:\n<\/p>\n<p>Fonte: Metr\u00f3poles              <\/p>\n<\/div>\n<p><br \/>\n<br \/><a href=\"https:\/\/diariodobrasilnoticias.com.br\/noticia\/moradores-revoltados-atacam-rei-e-primeiro-ministro-da-espanha-com-pedras-e-lama-em-visita-as-areas-atingidas-pelas-enchentes-veja-o-video-67279354ef457\">Source link <\/a><\/p>","protected":false},"excerpt":{"rendered":"<p>Integrantes da fam\u00edlia real espanhola e outras autoridades, como o primeiro-ministro Pedro S\u00e1nchez, foram recebidos sob gritos de \u201cassassinos\u201d durante visita a comunidade de Paiporta, em Val\u00eancia, uma das regi\u00f5es&hellip;<\/p>","protected":false},"author":1,"featured_media":54474,"comment_status":"closed","ping_status":"open","sticky":false,"template":"","format":"standard","meta":{"content-type":"","footnotes":""},"categories":[16],"tags":[123,2448,5313,1267],"class_list":["post-54473","post","type-post","status-publish","format-standard","has-post-thumbnail","hentry","category-noticias","tag-brasil","tag-diario","tag-noticia","tag-noticias"],"_links":{"self":[{"href":"https:\/\/tvbrazilusa.com\/pt\/wp-json\/wp\/v2\/posts\/54473","targetHints":{"allow":["GET"]}}],"collection":[{"href":"https:\/\/tvbrazilusa.com\/pt\/wp-json\/wp\/v2\/posts"}],"about":[{"href":"https:\/\/tvbrazilusa.com\/pt\/wp-json\/wp\/v2\/types\/post"}],"author":[{"embeddable":true,"href":"https:\/\/tvbrazilusa.com\/pt\/wp-json\/wp\/v2\/users\/1"}],"replies":[{"embeddable":true,"href":"https:\/\/tvbrazilusa.com\/pt\/wp-json\/wp\/v2\/comments?post=54473"}],"version-history":[{"count":1,"href":"https:\/\/tvbrazilusa.com\/pt\/wp-json\/wp\/v2\/posts\/54473\/revisions"}],"predecessor-version":[{"id":54475,"href":"https:\/\/tvbrazilusa.com\/pt\/wp-json\/wp\/v2\/posts\/54473\/revisions\/54475"}],"wp:featuredmedia":[{"embeddable":true,"href":"https:\/\/tvbrazilusa.com\/pt\/wp-json\/wp\/v2\/media\/54474"}],"wp:attachment":[{"href":"https:\/\/tvbrazilusa.com\/pt\/wp-json\/wp\/v2\/media?parent=54473"}],"wp:term":[{"taxonomy":"category","embeddable":true,"href":"https:\/\/tvbrazilusa.com\/pt\/wp-json\/wp\/v2\/categories?post=54473"},{"taxonomy":"post_tag","embeddable":true,"href":"https:\/\/tvbrazilusa.com\/pt\/wp-json\/wp\/v2\/tags?post=54473"}],"curies":[{"name":"wp","href":"https:\/\/api.w.org\/{rel}","templated":true}]}}