{"id":54479,"date":"2024-11-03T18:07:44","date_gmt":"2024-11-03T18:07:44","guid":{"rendered":"https:\/\/tvbrazilusa.com\/2024\/11\/03\/em-editorial-o-the-new-york-times-pede-que-votem-para-acabar-com-a-era-trump\/"},"modified":"2024-11-03T18:07:46","modified_gmt":"2024-11-03T18:07:46","slug":"em-editorial-o-the-new-york-times-pede-que-votem-para-acabar-com-a-era-trump","status":"publish","type":"post","link":"https:\/\/tvbrazilusa.com\/pt\/2024\/11\/03\/em-editorial-o-the-new-york-times-pede-que-votem-para-acabar-com-a-era-trump\/","title":{"rendered":"Em editorial, o The New York Times pede que &#8216;votem para acabar com a era Trump&#8217;"},"content":{"rendered":"<p> <script async src=\"https:\/\/pagead2.googlesyndication.com\/pagead\/js\/adsbygoogle.js?client=ca-pub-8864793242727901\"\r\n     crossorigin=\"anonymous\"><\/script><br \/>\n<\/p>\n<div id=\"taboola-read-more\" style=\"display:block; width:100%\">\n<p>A 3 dias das elei\u00e7\u00f5es presidenciais, o jornal norte-americano The New York Times publicou neste s\u00e1bado (2.nov.2024) um editorial que pede que os eleitores votem contra Donald Trump (Republicano).\n<\/p>\n<p>Na coluna, o jornal afirma que o ex-presidente \u00e9 \u201cinadequado\u201d para a lideran\u00e7a e \u00e9 uma \u201camea\u00e7a \u00e0 democracia\u201d. Tamb\u00e9m cita a derrubada da jurisprud\u00eancia Roe vs. Wade sobre o aborto e suas acusa\u00e7\u00f5es por corrup\u00e7\u00e3o. Em setembro, a publica\u00e7\u00e3o j\u00e1 havia declarado apoio \u00e0 candidata democrata, Kamala Harris.<\/p>\n<p>Leia a \u00edntegra do editorial traduzido:\n<\/p>\n<p>\u201cVoc\u00ea j\u00e1 conhece Donald Trump. Ele n\u00e3o \u00e9 apto para liderar. Observe-o. Ou\u00e7a aqueles que o conhecem bem. Ele tentou subverter uma elei\u00e7\u00e3o e continua sendo uma amea\u00e7a \u00e0 democracia. Ele ajudou a revogar Roe, com consequ\u00eancias terr\u00edveis. A corrup\u00e7\u00e3o e ilegalidade de Trump v\u00e3o al\u00e9m das elei\u00e7\u00f5es: \u00e9 toda a sua ess\u00eancia. Ele mente sem limites. Se for reeleito, o Partido Republicano n\u00e3o o conter\u00e1. Trump usar\u00e1 o governo para perseguir advers\u00e1rios. Ele buscar\u00e1 uma pol\u00edtica cruel de deporta\u00e7\u00f5es em massa. Causar\u00e1 estragos nos pobres, na classe m\u00e9dia e nos empregadores. Outro mandato de Trump prejudicar\u00e1 o clima, destruir\u00e1 alian\u00e7as e fortalecer\u00e1 autocratas. Os americanos devem exigir mais. Votem.\u201d\n<\/p>\n<\/p>\n<p>O New York Times, fundado em 1851, declara apoio a candidatos em todas as elei\u00e7\u00f5es. O 1\u00ba apoiado no pleito de 1852 foi Winfield Scott (Partido Whig), derrotado por Franklin Pierc (Partido Democrata) (link \u2013para assinantes). Em 2020, fez o mesmo com Biden no editorial \u201cElect Joe Biden, America\u201d, (\u201cEUA, elejam Joe Biden\u201d, em portugu\u00eas).\n<\/p>\n<p><strong>Eis abaixo o 1\u00ba editorial de 10 de agosto de 1852:<\/strong>\n<\/p>\n<p><strong><img fetchpriority=\"high\" decoding=\"async\" src=\"https:\/\/static.poder360.com.br\/2024\/09\/Captura-de-Tela-2024-09-30-as-23.28.58.png\" alt=\"\" width=\"578\" height=\"2096\"\/><\/strong>\n<\/p>\n<p>Fonte: Poder360              <\/p>\n<\/div>\n<p><br \/>\n<br \/><a href=\"https:\/\/diariodobrasilnoticias.com.br\/noticia\/em-editorial-o-the-new-york-times-pede-que-votem-para-acabar-com-a-era-trump-672796a84e89f\">Source link <\/a><\/p>","protected":false},"excerpt":{"rendered":"<p>A 3 dias das elei\u00e7\u00f5es presidenciais, o jornal norte-americano The New York Times publicou neste s\u00e1bado (2.nov.2024) um editorial que pede que os eleitores votem contra Donald Trump (Republicano). Na&hellip;<\/p>","protected":false},"author":1,"featured_media":54480,"comment_status":"closed","ping_status":"open","sticky":false,"template":"","format":"standard","meta":{"content-type":"","footnotes":""},"categories":[16],"tags":[123,2448,5313,1267],"class_list":["post-54479","post","type-post","status-publish","format-standard","has-post-thumbnail","hentry","category-noticias","tag-brasil","tag-diario","tag-noticia","tag-noticias"],"_links":{"self":[{"href":"https:\/\/tvbrazilusa.com\/pt\/wp-json\/wp\/v2\/posts\/54479","targetHints":{"allow":["GET"]}}],"collection":[{"href":"https:\/\/tvbrazilusa.com\/pt\/wp-json\/wp\/v2\/posts"}],"about":[{"href":"https:\/\/tvbrazilusa.com\/pt\/wp-json\/wp\/v2\/types\/post"}],"author":[{"embeddable":true,"href":"https:\/\/tvbrazilusa.com\/pt\/wp-json\/wp\/v2\/users\/1"}],"replies":[{"embeddable":true,"href":"https:\/\/tvbrazilusa.com\/pt\/wp-json\/wp\/v2\/comments?post=54479"}],"version-history":[{"count":1,"href":"https:\/\/tvbrazilusa.com\/pt\/wp-json\/wp\/v2\/posts\/54479\/revisions"}],"predecessor-version":[{"id":54481,"href":"https:\/\/tvbrazilusa.com\/pt\/wp-json\/wp\/v2\/posts\/54479\/revisions\/54481"}],"wp:featuredmedia":[{"embeddable":true,"href":"https:\/\/tvbrazilusa.com\/pt\/wp-json\/wp\/v2\/media\/54480"}],"wp:attachment":[{"href":"https:\/\/tvbrazilusa.com\/pt\/wp-json\/wp\/v2\/media?parent=54479"}],"wp:term":[{"taxonomy":"category","embeddable":true,"href":"https:\/\/tvbrazilusa.com\/pt\/wp-json\/wp\/v2\/categories?post=54479"},{"taxonomy":"post_tag","embeddable":true,"href":"https:\/\/tvbrazilusa.com\/pt\/wp-json\/wp\/v2\/tags?post=54479"}],"curies":[{"name":"wp","href":"https:\/\/api.w.org\/{rel}","templated":true}]}}