{"id":54494,"date":"2024-11-03T19:30:31","date_gmt":"2024-11-03T19:30:31","guid":{"rendered":"https:\/\/tvbrazilusa.com\/2024\/11\/03\/prefeitura-do-rio-anuncia-megaferiado-de-6-dias-por-conta-do-g20\/"},"modified":"2024-11-03T19:30:37","modified_gmt":"2024-11-03T19:30:37","slug":"prefeitura-do-rio-anuncia-megaferiado-de-6-dias-por-conta-do-g20","status":"publish","type":"post","link":"https:\/\/tvbrazilusa.com\/pt\/2024\/11\/03\/prefeitura-do-rio-anuncia-megaferiado-de-6-dias-por-conta-do-g20\/","title":{"rendered":"Prefeitura do Rio anuncia megaferiado de 6 dias por conta do G20"},"content":{"rendered":"<p> <script async src=\"https:\/\/pagead2.googlesyndication.com\/pagead\/js\/adsbygoogle.js?client=ca-pub-8864793242727901\"\r\n     crossorigin=\"anonymous\"><\/script><br \/>\n<\/p>\n<div id=\"taboola-read-more\" style=\"display:block; width:100%\">\n<p>A Prefeitura do Rio anunciou na 5\u00aa feira (31.out.2024) o plano operacional para a C\u00fapula do G20, que ser\u00e1 realizada na cidade de 14 a 19 de novembro de 2024 A programa\u00e7\u00e3o inclui eventos como a Urban 20 Summit (U20), a C\u00fapula dos Prefeitos e o G20 Social, al\u00e9m das reuni\u00f5es principais do G20 com os chefes de Estado convidados.\n<\/p>\n<p>Durante o per\u00edodo, a cidade ter\u00e1 um megaferiado de 6 dias:<\/p>\n<p>6\u00aa feira (15.nov) \u2013 feriado pela Proclama\u00e7\u00e3o da Rep\u00fablica;<br \/>s\u00e1bado (16.nov);<br \/>domingo (17.nov);<br \/>2\u00aa feira (18.nov) \u2013 feriado na cidade do Rio;<br \/>3\u00aa feira (19.nov) \u2013 feriado na cidade do Rio;<br \/>4\u00aa feira (20.nov) \u2013 feriado pelo Dia da Consci\u00eancia Negra.\n<\/p>\n<p>O prefeito Eduardo Paes (PSD) afirmou que os cariocas \u201cest\u00e3o acostumados com a realiza\u00e7\u00e3o de grandes eventos internacionais\u201d, mas pediu \u00e0 popula\u00e7\u00e3o que se prepare a partir de 14 de novembro. \u201cA prefeitura decretou feriado, nos dias 18 e 19, para que ficasse claro\u201d, afirmou.\n<\/p>\n<p>A C\u00fapula do G20 ser\u00e1 realizada no MAM Rio (Museu de Arte Moderna do Rio de Janeiro) em 18 e 19 de novembro, com a presen\u00e7a de 55 delega\u00e7\u00f5es de 40 pa\u00edses e 15 organismos internacionais. As atividades ser\u00e3o concentradas em 2 pontos principais:\n<\/p>\n<p>Complexo Mau\u00e1 (Zona Portu\u00e1ria) \u2013 palco das discuss\u00f5es da sociedade civil;<br \/>Complexo G20 (Aterro do Flamengo) \u2013 espa\u00e7o das reuni\u00f5es entre chefes de Estado e delega\u00e7\u00f5es, tendo o MAM Rio como sede principal.<br \/>A regi\u00e3o do Aterro do Flamengo ter\u00e1 as maiores restri\u00e7\u00f5es de circula\u00e7\u00e3o:\n<\/p>\n<p>Bloqueio para carros e pedestres de 17 a 19 de novembro;<br \/>Apenas comitivas e ve\u00edculos oficiais do evento ser\u00e3o permitidos;<br \/>O acesso ao Parque do Flamengo estar\u00e1 limitado \u00e0s passagens subterr\u00e2neas, j\u00e1 que as passarelas ser\u00e3o fechadas ao p\u00fablico.\n<\/p>\n<p>Ao todo, 35 pontos de bloqueio ser\u00e3o implantados, do Monumento a Est\u00e1cio de S\u00e1 at\u00e9 o MAM Rio.\n<\/p>\n<\/p>\n<p>O esquema ser\u00e1 monitorado por 4 drones e 1 helic\u00f3ptero. Por ora, os hor\u00e1rios de opera\u00e7\u00e3o do metr\u00f4 e dos trens permanecem inalterados. O funcionamento dos quiosques e das barracas na orla tamb\u00e9m seguir\u00e1 normalmente.\n<\/p>\n<p>Fonte: Poder360\n              <\/p>\n<\/div>\n<p><br \/>\n<br \/><a href=\"https:\/\/diariodobrasilnoticias.com.br\/noticia\/prefeitura-do-rio-anuncia-megaferiado-de-6-dias-por-conta-do-g20-67278d146d26c\">Source link <\/a><\/p>","protected":false},"excerpt":{"rendered":"<p>A Prefeitura do Rio anunciou na 5\u00aa feira (31.out.2024) o plano operacional para a C\u00fapula do G20, que ser\u00e1 realizada na cidade de 14 a 19 de novembro de 2024&hellip;<\/p>","protected":false},"author":1,"featured_media":54495,"comment_status":"closed","ping_status":"open","sticky":false,"template":"","format":"standard","meta":{"content-type":"","footnotes":""},"categories":[16],"tags":[123,2448,5313,1267],"class_list":["post-54494","post","type-post","status-publish","format-standard","has-post-thumbnail","hentry","category-noticias","tag-brasil","tag-diario","tag-noticia","tag-noticias"],"_links":{"self":[{"href":"https:\/\/tvbrazilusa.com\/pt\/wp-json\/wp\/v2\/posts\/54494","targetHints":{"allow":["GET"]}}],"collection":[{"href":"https:\/\/tvbrazilusa.com\/pt\/wp-json\/wp\/v2\/posts"}],"about":[{"href":"https:\/\/tvbrazilusa.com\/pt\/wp-json\/wp\/v2\/types\/post"}],"author":[{"embeddable":true,"href":"https:\/\/tvbrazilusa.com\/pt\/wp-json\/wp\/v2\/users\/1"}],"replies":[{"embeddable":true,"href":"https:\/\/tvbrazilusa.com\/pt\/wp-json\/wp\/v2\/comments?post=54494"}],"version-history":[{"count":1,"href":"https:\/\/tvbrazilusa.com\/pt\/wp-json\/wp\/v2\/posts\/54494\/revisions"}],"predecessor-version":[{"id":54496,"href":"https:\/\/tvbrazilusa.com\/pt\/wp-json\/wp\/v2\/posts\/54494\/revisions\/54496"}],"wp:featuredmedia":[{"embeddable":true,"href":"https:\/\/tvbrazilusa.com\/pt\/wp-json\/wp\/v2\/media\/54495"}],"wp:attachment":[{"href":"https:\/\/tvbrazilusa.com\/pt\/wp-json\/wp\/v2\/media?parent=54494"}],"wp:term":[{"taxonomy":"category","embeddable":true,"href":"https:\/\/tvbrazilusa.com\/pt\/wp-json\/wp\/v2\/categories?post=54494"},{"taxonomy":"post_tag","embeddable":true,"href":"https:\/\/tvbrazilusa.com\/pt\/wp-json\/wp\/v2\/tags?post=54494"}],"curies":[{"name":"wp","href":"https:\/\/api.w.org\/{rel}","templated":true}]}}