{"id":54515,"date":"2024-11-03T20:54:58","date_gmt":"2024-11-03T20:54:58","guid":{"rendered":"https:\/\/tvbrazilusa.com\/2024\/11\/03\/dpvat-seguro-tera-que-ser-pago-mesmo-apos-governadores-rejeitarem-cobranca\/"},"modified":"2024-11-03T20:54:59","modified_gmt":"2024-11-03T20:54:59","slug":"dpvat-seguro-tera-que-ser-pago-mesmo-apos-governadores-rejeitarem-cobranca","status":"publish","type":"post","link":"https:\/\/tvbrazilusa.com\/pt\/2024\/11\/03\/dpvat-seguro-tera-que-ser-pago-mesmo-apos-governadores-rejeitarem-cobranca\/","title":{"rendered":"DPVAT: seguro ter\u00e1 que ser  pago, mesmo ap\u00f3s governadores rejeitarem cobran\u00e7a"},"content":{"rendered":"<p> <script async src=\"https:\/\/pagead2.googlesyndication.com\/pagead\/js\/adsbygoogle.js?client=ca-pub-8864793242727901\"\r\n     crossorigin=\"anonymous\"><\/script><br \/>\n<\/p>\n<div>\n<div>\n<p>Na lista inicial dos governadores que n\u00e3o cobrar\u00e3o o Seguro Obrigat\u00f3rio para Prote\u00e7\u00e3o de V\u00edtimas de Acidentes de Tr\u00e2nsito (SPVAT, antigo DPVAT), est\u00e3o os gestores do Paran\u00e1, Santa Catarina, Distrito Federal, Goi\u00e1s, Minas Gerais e S\u00e3o Paulo. A Lei Complementar 207\/24 foi aprovada pelo Senado e sancionada por Lula em maio deste ano.<\/p>\n<\/div>\n<\/div>\n<div>\n<p><h2>2026 na mira dos governadores<\/h2>\n<\/p>\n<div>\n<p>No contexto dessa discuss\u00e3o, est\u00e3o os principais nomes da direita como poss\u00edveis rivais de Lula na disputa presidencial em 2026. A redu\u00e7\u00e3o de impostos, apesar de o SPVAT ser considerado um seguro, e o enxugamento da m\u00e1quina estatal est\u00e3o entre as bandeiras dessas lideran\u00e7as, como Tarc\u00edsio de Freitas (Republicanos-SP), Romeu Zema (Novo-MG) e Ronaldo Caiado (Uni\u00e3o Brasil-GO).\n<\/p>\n<\/div>\n<p>\u00a0<\/p>\n<p>\u00a0<\/p>\n<div>\n<p>O governador Caiado, por exemplo, classificou a cobran\u00e7a do \u201cnovo DPVAT\u201d como \u201cpouca-vergonha\u201d, em v\u00eddeo postado nas redes sociais. Ao criticar a volta do seguro, o pol\u00edtico goiano sugeriu que o governo federal trate os recursos p\u00fablicos com responsabilidade, a fim de n\u00e3o onerar a popula\u00e7\u00e3o.\n<\/p>\n<\/div>\n<div>\n<blockquote><p>Se o governo federal est\u00e1 com problema de caixa, que tenha ju\u00edzo e trate o dinheiro p\u00fablico com responsabilidade. O que n\u00e3o d\u00e1 \u00e9 querer impor mais taxas e impostos aos brasileiros (governador Ronaldo Caiado)<\/p><\/blockquote>\n<\/div>\n<\/div>\n<div>\n<p>O extinto DPVAT era pago, anualmente, por donos de carros, motos, t\u00e1xis, \u00f4nibus, etc. Normalmente, o valor era cobrado junto ao Imposto sobre Propriedade de Ve\u00edculos Automotores (IPVA) dos estados.\n<\/p>\n<\/div>\n<div>\n<p>Com a recusa dos governadores de oposi\u00e7\u00e3o \u00e0 cobran\u00e7a do SPVAT, resta a d\u00favida se os propriet\u00e1rios de ve\u00edculos est\u00e3o isentos ao pagamento da contribui\u00e7\u00e3o nesses estados. Se depender do governo federal, n\u00e3o, pois a Caixa far\u00e1 a arrecada\u00e7\u00e3o, com ou sem apoio dos gestores locais.\n<\/p>\n<\/div>\n<div>\n<p>Em nota publicada no dia 23 de outubro, a Superintend\u00eancia de Seguros Privados (Susep), subordinada ao Minist\u00e9rio da Fazenda, destacou que a Caixa far\u00e1 a cobran\u00e7a nos estados que se recusarem. Por outro lado, em resposta ao <strong>Band.com.br<\/strong>, o \u00f3rg\u00e3o informou que ainda n\u00e3o definiu como isso ser\u00e1 feito.\n<\/p>\n<\/div>\n<div>\n<p>\u201cA Susep est\u00e1 acompanhando o desenvolvimento das quest\u00f5es operacionais necess\u00e1rias para a constitui\u00e7\u00e3o do fundo que permitir\u00e1 o atendimento das cerca de 400.000 v\u00edtimas de acidentes que recorrem ao seguro por ano e informa que ainda n\u00e3o est\u00e1 definida a forma pela qual a Caixa efetuar\u00e1 a cobran\u00e7a do SPVAT\u201d, informou a Susep por e-mail.\n<\/p>\n<\/div>\n<div>\n<p>Independentemente da aceita\u00e7\u00e3o ou recusa dos estados na ades\u00e3o do conv\u00eanio com a Caixa, o seguro ser\u00e1 cobrado. Para a advogada Bruna Neves, p\u00f3s-graduada em direito empresarial tribut\u00e1rio, a postura dos governadores de oposi\u00e7\u00e3o n\u00e3o implicar\u00e1 em preju\u00edzos para a administra\u00e7\u00e3o local, visto que a lei do SPVAT n\u00e3o obriga quaisquer compet\u00eancias para as unidades federativas.\n<\/p>\n<\/div>\n<p><br \/>\n<br \/><a href=\"https:\/\/diariodobrasilnoticias.com.br\/noticia\/dpvat-seguro-tera-que-ser-pago-mesmo-apos-governadores-rejeitarem-cobranca-6727de05c3c4b\">Source link <\/a><\/p>","protected":false},"excerpt":{"rendered":"<p>Na lista inicial dos governadores que n\u00e3o cobrar\u00e3o o Seguro Obrigat\u00f3rio para Prote\u00e7\u00e3o de V\u00edtimas de Acidentes de Tr\u00e2nsito (SPVAT, antigo DPVAT), est\u00e3o os gestores do Paran\u00e1, Santa Catarina, Distrito&hellip;<\/p>","protected":false},"author":1,"featured_media":54516,"comment_status":"closed","ping_status":"open","sticky":false,"template":"","format":"standard","meta":{"content-type":"","footnotes":""},"categories":[16],"tags":[123,2448,5313,1267],"class_list":["post-54515","post","type-post","status-publish","format-standard","has-post-thumbnail","hentry","category-noticias","tag-brasil","tag-diario","tag-noticia","tag-noticias"],"_links":{"self":[{"href":"https:\/\/tvbrazilusa.com\/pt\/wp-json\/wp\/v2\/posts\/54515","targetHints":{"allow":["GET"]}}],"collection":[{"href":"https:\/\/tvbrazilusa.com\/pt\/wp-json\/wp\/v2\/posts"}],"about":[{"href":"https:\/\/tvbrazilusa.com\/pt\/wp-json\/wp\/v2\/types\/post"}],"author":[{"embeddable":true,"href":"https:\/\/tvbrazilusa.com\/pt\/wp-json\/wp\/v2\/users\/1"}],"replies":[{"embeddable":true,"href":"https:\/\/tvbrazilusa.com\/pt\/wp-json\/wp\/v2\/comments?post=54515"}],"version-history":[{"count":1,"href":"https:\/\/tvbrazilusa.com\/pt\/wp-json\/wp\/v2\/posts\/54515\/revisions"}],"predecessor-version":[{"id":54517,"href":"https:\/\/tvbrazilusa.com\/pt\/wp-json\/wp\/v2\/posts\/54515\/revisions\/54517"}],"wp:featuredmedia":[{"embeddable":true,"href":"https:\/\/tvbrazilusa.com\/pt\/wp-json\/wp\/v2\/media\/54516"}],"wp:attachment":[{"href":"https:\/\/tvbrazilusa.com\/pt\/wp-json\/wp\/v2\/media?parent=54515"}],"wp:term":[{"taxonomy":"category","embeddable":true,"href":"https:\/\/tvbrazilusa.com\/pt\/wp-json\/wp\/v2\/categories?post=54515"},{"taxonomy":"post_tag","embeddable":true,"href":"https:\/\/tvbrazilusa.com\/pt\/wp-json\/wp\/v2\/tags?post=54515"}],"curies":[{"name":"wp","href":"https:\/\/api.w.org\/{rel}","templated":true}]}}