{"id":54530,"date":"2024-11-03T21:52:10","date_gmt":"2024-11-03T21:52:10","guid":{"rendered":"https:\/\/tvbrazilusa.com\/2024\/11\/03\/kamala-harris-diz-ter-votado-pelo-correio-nas-eleicoes-dos-eua\/"},"modified":"2024-11-03T21:52:12","modified_gmt":"2024-11-03T21:52:12","slug":"kamala-harris-diz-ter-votado-pelo-correio-nas-eleicoes-dos-eua","status":"publish","type":"post","link":"https:\/\/tvbrazilusa.com\/pt\/2024\/11\/03\/kamala-harris-diz-ter-votado-pelo-correio-nas-eleicoes-dos-eua\/","title":{"rendered":"Kamala Harris diz ter votado pelo correio nas elei\u00e7\u00f5es dos EUA"},"content":{"rendered":"<p> <script async src=\"https:\/\/pagead2.googlesyndication.com\/pagead\/js\/adsbygoogle.js?client=ca-pub-8864793242727901\"\r\n     crossorigin=\"anonymous\"><\/script><br \/>\n<\/p>\n<div data-v-232111b4=\"data-v-232111b4\" data-v-5442f4c2=\"data-v-5442f4c2\">\n<p class=\"bullet mt-0\" data-v-232111b4=\"data-v-232111b4\">A vice-presidente e candidata democrata \u00e0 presid\u00eancia dos EUA anunciou que votou antecipadamente. As informa\u00e7\u00f5es s\u00e3o das ag\u00eancias AFP e Ansa.\n<\/p>\n<h2 class=\"bullet\" data-v-232111b4=\"data-v-232111b4\">O que aconteceu<\/h2>\n<p class=\"bullet\" data-v-232111b4=\"data-v-232111b4\"><span class=\"topicText\"><strong>Kamala Harris votou neste domingo (3).<\/strong> &#8220;Acabei de preencher minha c\u00e9dula de vota\u00e7\u00e3o pelo correio&#8221;, declarou a jornalistas no estado-p\u00eandulo de Michigan, a dois dias do pleito. Ela disse, ainda, que a c\u00e9dula est\u00e1 &#8220;a caminho da Calif\u00f3rnia&#8221;.<\/span><\/p>\n<p class=\"bullet\" data-v-232111b4=\"data-v-232111b4\"><span class=\"topicText\"><strong>Democratas tentam estimular voto antecipado.<\/strong> Nos EUA, \u00e9 poss\u00edvel votar para presidente pelos correios. Os democratas tentam incentivar os eleitores a participar do pleito antecipadamente, enquanto Trump insinua risco de fraudes no voto postal, mas sem apresentar provas.<\/span>\n<\/p>\n<p class=\"bullet mt-0\" data-v-232111b4=\"data-v-232111b4\"><span class=\"topicText\"><strong>&#8220;Vamos virar a p\u00e1gina e escrever o pr\u00f3ximo cap\u00edtulo da nossa Hist\u00f3ria&#8221;. <\/strong>Em uma igreja crist\u00e3 no estado p\u00eandulo, ela disse que o pr\u00f3ximo cap\u00edtulo dos EUA \u00e9 &#8220;baseado em um plano divino suficientemente grande para abarcar todos os nossos sonhos&#8221;, &#8220;suficientemente forte para curar a divis\u00e3o&#8221; e &#8220;suficientemente audacioso para abra\u00e7ar a possibilidade do plano de Deus&#8221;.<\/span>\n<\/p>\n<p>\u00a0<\/p>\n<p class=\"bullet\" data-v-232111b4=\"data-v-232111b4\"><span class=\"topicText\"><strong>Em igreja, ela lembrou uma passagem das Escrituras do profeta Jeremias.<\/strong> A passagem diz: &#8220;Porque eu conhe\u00e7o os planos que tenho para ti&#8221;, planos &#8220;de bem-estar e n\u00e3o de calamidade, para te dar um futuro cheio de esperan\u00e7a&#8221;.<\/span>\n<\/p>\n<h2 class=\"bullet\" data-v-232111b4=\"data-v-232111b4\">Kamala e Trump seguem empatados na reta final da campanha<\/h2>\n<p class=\"bullet\" data-v-232111b4=\"data-v-232111b4\"><span class=\"topicText\"><strong>Candidatos seguem tecnicamente empatados.<\/strong> A \u00faltima pesquisa do New York Times\/Siena mostra algumas mudan\u00e7as nos estados em disputa, mas os candidatos seguem tecnicamente empatados, dentro da margem de erro: Harris tem 49% contra 48% de Trump.<\/span>\n<\/p>\n<p class=\"bullet\" data-v-232111b4=\"data-v-232111b4\"><span class=\"topicText\"><strong>No s\u00e1bado (2), uma pesquisa colocou a vice-presidente democrata tr\u00eas pontos \u00e0 frente em Iowa. <\/strong>O conservador venceu em 2016 e 2020 neste estado. &#8220;Foi feita por um dos meus inimigos&#8221;, acusou Trump neste domingo (3), em um com\u00edcio na Pensilv\u00e2nia. &#8220;As pesquisas s\u00e3o t\u00e3o corruptas&#8221;, acrescentou. A pesquisa foi do Des Moines Register\/Mediacom Iowa e mostra Harris \u00e0 frente de Trump por 47% a 44% em Iowa. A margem de erro \u00e9 de 3,4 pontos percentuais, mas representa uma virada em rela\u00e7\u00e3o a outra pesquisa de setembro no estado, que mostrava Trump com uma vantagem de 4 pontos.<\/span>\n<\/p>\n<p class=\"bullet\" data-v-232111b4=\"data-v-232111b4\"><span class=\"topicText\">UOL<\/span>\n<\/p>\n<p>\u00a0<\/p>\n<\/div>\n<p><br \/>\n<br \/><a href=\"https:\/\/diariodobrasilnoticias.com.br\/noticia\/kamala-harris-diz-ter-votado-pelo-correio-nas-eleicoes-dos-eua-6727e7aac359c\">Source link <\/a><\/p>","protected":false},"excerpt":{"rendered":"<p>A vice-presidente e candidata democrata \u00e0 presid\u00eancia dos EUA anunciou que votou antecipadamente. As informa\u00e7\u00f5es s\u00e3o das ag\u00eancias AFP e Ansa. O que aconteceu Kamala Harris votou neste domingo (3).&hellip;<\/p>","protected":false},"author":1,"featured_media":54531,"comment_status":"closed","ping_status":"open","sticky":false,"template":"","format":"standard","meta":{"content-type":"","footnotes":""},"categories":[16],"tags":[123,2448,5313,1267],"class_list":["post-54530","post","type-post","status-publish","format-standard","has-post-thumbnail","hentry","category-noticias","tag-brasil","tag-diario","tag-noticia","tag-noticias"],"_links":{"self":[{"href":"https:\/\/tvbrazilusa.com\/pt\/wp-json\/wp\/v2\/posts\/54530","targetHints":{"allow":["GET"]}}],"collection":[{"href":"https:\/\/tvbrazilusa.com\/pt\/wp-json\/wp\/v2\/posts"}],"about":[{"href":"https:\/\/tvbrazilusa.com\/pt\/wp-json\/wp\/v2\/types\/post"}],"author":[{"embeddable":true,"href":"https:\/\/tvbrazilusa.com\/pt\/wp-json\/wp\/v2\/users\/1"}],"replies":[{"embeddable":true,"href":"https:\/\/tvbrazilusa.com\/pt\/wp-json\/wp\/v2\/comments?post=54530"}],"version-history":[{"count":1,"href":"https:\/\/tvbrazilusa.com\/pt\/wp-json\/wp\/v2\/posts\/54530\/revisions"}],"predecessor-version":[{"id":54532,"href":"https:\/\/tvbrazilusa.com\/pt\/wp-json\/wp\/v2\/posts\/54530\/revisions\/54532"}],"wp:featuredmedia":[{"embeddable":true,"href":"https:\/\/tvbrazilusa.com\/pt\/wp-json\/wp\/v2\/media\/54531"}],"wp:attachment":[{"href":"https:\/\/tvbrazilusa.com\/pt\/wp-json\/wp\/v2\/media?parent=54530"}],"wp:term":[{"taxonomy":"category","embeddable":true,"href":"https:\/\/tvbrazilusa.com\/pt\/wp-json\/wp\/v2\/categories?post=54530"},{"taxonomy":"post_tag","embeddable":true,"href":"https:\/\/tvbrazilusa.com\/pt\/wp-json\/wp\/v2\/tags?post=54530"}],"curies":[{"name":"wp","href":"https:\/\/api.w.org\/{rel}","templated":true}]}}