{"id":54533,"date":"2024-11-03T22:08:39","date_gmt":"2024-11-03T22:08:39","guid":{"rendered":"https:\/\/tvbrazilusa.com\/2024\/11\/03\/briga-de-professores-de-direito-na-usp-vira-caso-de-policia\/"},"modified":"2024-11-03T22:08:40","modified_gmt":"2024-11-03T22:08:40","slug":"briga-de-professores-de-direito-na-usp-vira-caso-de-policia","status":"publish","type":"post","link":"https:\/\/tvbrazilusa.com\/pt\/2024\/11\/03\/briga-de-professores-de-direito-na-usp-vira-caso-de-policia\/","title":{"rendered":"Briga de professores de Direito na USP vira caso de pol\u00edcia"},"content":{"rendered":"<p> <script async src=\"https:\/\/pagead2.googlesyndication.com\/pagead\/js\/adsbygoogle.js?client=ca-pub-8864793242727901\"\r\n     crossorigin=\"anonymous\"><\/script><br \/>\n<\/p>\n<div id=\"taboola-read-more\" style=\"display:block; width:100%\">\n<p class=\"bullet mt-0\" data-v-232111b4=\"data-v-232111b4\">Uma reuni\u00e3o dos professores de Direito Civil da USP (Universidade de S\u00e3o Paulo) quase terminou em troca de socos. S\u00f3 n\u00e3o terminou porque &#8220;dois ou tr\u00eas&#8221; professores seguraram o chefe do departamento, Eduardo Cesar Silveira Vitta Marchi, quando ele partia para cima do colega Jos\u00e9 Fernando Sim\u00e3o.\n<\/p>\n<p class=\"bullet\" data-v-232111b4=\"data-v-232111b4\">O caso j\u00e1 foi levado \u00e0 Justi\u00e7a e \u00e0 Pol\u00edcia Civil de S\u00e3o Paulo. Sim\u00e3o pediu a abertura de um inqu\u00e9rito por amea\u00e7a \u00e0 Pol\u00edcia e ajuizou uma a\u00e7\u00e3o por danos morais, por ter sido xingado e amea\u00e7ado pelo colega.<\/p>\n<p class=\"bullet\" data-v-232111b4=\"data-v-232111b4\">Na Justi\u00e7a, Sim\u00e3o j\u00e1 conseguiu uma &#8220;medida protetiva&#8221;: em 6 de outubro, o juiz Felipe Poyares Miranda, da 16\u00aa Vara C\u00edvel, ordenou a Marchi que &#8220;observe o dever de urbanidade e se abstenha de adotar qualquer comportamento em tese pass\u00edvel de ofender a integridade f\u00edsica ou psicol\u00f3gica da parte autora [<em>Sim\u00e3o<\/em>]&#8221;, sob pena de R$ 10 mil &#8220;por ato&#8221; de desrespeito \u00e0 decis\u00e3o.<\/p>\n<p class=\"bullet\" data-v-232111b4=\"data-v-232111b4\">UOL\u00a0              <\/p>\n<\/div>\n<p><br \/>\n<br \/><a href=\"https:\/\/diariodobrasilnoticias.com.br\/noticia\/briga-de-professores-de-direito-na-usp-vira-caso-de-policia-6727f1bf164af\">Source link <\/a><\/p>","protected":false},"excerpt":{"rendered":"<p>Uma reuni\u00e3o dos professores de Direito Civil da USP (Universidade de S\u00e3o Paulo) quase terminou em troca de socos. S\u00f3 n\u00e3o terminou porque &#8220;dois ou tr\u00eas&#8221; professores seguraram o chefe&hellip;<\/p>","protected":false},"author":1,"featured_media":54534,"comment_status":"closed","ping_status":"open","sticky":false,"template":"","format":"standard","meta":{"content-type":"","footnotes":""},"categories":[16],"tags":[123,2448,5313,1267],"class_list":["post-54533","post","type-post","status-publish","format-standard","has-post-thumbnail","hentry","category-noticias","tag-brasil","tag-diario","tag-noticia","tag-noticias"],"_links":{"self":[{"href":"https:\/\/tvbrazilusa.com\/pt\/wp-json\/wp\/v2\/posts\/54533","targetHints":{"allow":["GET"]}}],"collection":[{"href":"https:\/\/tvbrazilusa.com\/pt\/wp-json\/wp\/v2\/posts"}],"about":[{"href":"https:\/\/tvbrazilusa.com\/pt\/wp-json\/wp\/v2\/types\/post"}],"author":[{"embeddable":true,"href":"https:\/\/tvbrazilusa.com\/pt\/wp-json\/wp\/v2\/users\/1"}],"replies":[{"embeddable":true,"href":"https:\/\/tvbrazilusa.com\/pt\/wp-json\/wp\/v2\/comments?post=54533"}],"version-history":[{"count":1,"href":"https:\/\/tvbrazilusa.com\/pt\/wp-json\/wp\/v2\/posts\/54533\/revisions"}],"predecessor-version":[{"id":54535,"href":"https:\/\/tvbrazilusa.com\/pt\/wp-json\/wp\/v2\/posts\/54533\/revisions\/54535"}],"wp:featuredmedia":[{"embeddable":true,"href":"https:\/\/tvbrazilusa.com\/pt\/wp-json\/wp\/v2\/media\/54534"}],"wp:attachment":[{"href":"https:\/\/tvbrazilusa.com\/pt\/wp-json\/wp\/v2\/media?parent=54533"}],"wp:term":[{"taxonomy":"category","embeddable":true,"href":"https:\/\/tvbrazilusa.com\/pt\/wp-json\/wp\/v2\/categories?post=54533"},{"taxonomy":"post_tag","embeddable":true,"href":"https:\/\/tvbrazilusa.com\/pt\/wp-json\/wp\/v2\/tags?post=54533"}],"curies":[{"name":"wp","href":"https:\/\/api.w.org\/{rel}","templated":true}]}}