{"id":54545,"date":"2024-11-03T23:09:59","date_gmt":"2024-11-03T23:09:59","guid":{"rendered":"https:\/\/tvbrazilusa.com\/2024\/11\/03\/policial-militar-da-reserva-e-morto-a-tiros-durante-vaquejada\/"},"modified":"2024-11-03T23:10:00","modified_gmt":"2024-11-03T23:10:00","slug":"policial-militar-da-reserva-e-morto-a-tiros-durante-vaquejada","status":"publish","type":"post","link":"https:\/\/tvbrazilusa.com\/pt\/2024\/11\/03\/policial-militar-da-reserva-e-morto-a-tiros-durante-vaquejada\/","title":{"rendered":"Policial militar da reserva \u00e9 morto a tiros durante vaquejada"},"content":{"rendered":"<p> <script async src=\"https:\/\/pagead2.googlesyndication.com\/pagead\/js\/adsbygoogle.js?client=ca-pub-8864793242727901\"\r\n     crossorigin=\"anonymous\"><\/script><br \/>\n<\/p>\n<div id=\"taboola-read-more\" style=\"display:block; width:100%\">\n<p>Um homem foi assassinado durante uma vaquejada na madrugada deste domingo (3) na zona rural de Cruzeta, na regi\u00e3o Serid\u00f3 potiguar, distante cerca de 232 km de Natal.\n<\/p>\n<p>A Pol\u00edcia Militar confirmou que a v\u00edtima \u00e9 um policial militar da reserva, de 58 anos. Segundo o 6\u00ba Batalh\u00e3o, que atendeu a ocorr\u00eancia, ele era conhecido como Sargento Felipe.<\/p>\n<p>At\u00e9 a tarde deste domingo (3), no entanto, o corpo da v\u00edtima seguia sem identifica\u00e7\u00e3o oficial no Instituto T\u00e9cnico-Cient\u00edfico de Per\u00edcia do Rio Grande do Norte (Itep\/RN).\n<\/p>\n<p>Segundo a PM, o crime aconteceu por volta das 2h50 na comunidade conhecida como S\u00edtio Salgado, durante uma vaquejada. Segundo a pol\u00edcia, o militar da reserva foi v\u00edtima de disparos de arma de fogo na sa\u00edda do evento, n\u00e3o resistiu aos ferimentos e morreu.\n<\/p>\n<p>Policiais militares do 6\u00b0 Batalh\u00e3o da PM foram at\u00e9 o local, isolaram a cena de crime e acionaram o Itep e a Pol\u00edcia Civil para dar in\u00edcio \u00e0s investiga\u00e7\u00f5es.\n<\/p>\n<p>Buscas pelos suspeitos foram realizadas na regi\u00e3o, mas ningu\u00e9m foi preso. A motiva\u00e7\u00e3o do crime ainda dever\u00e1 ser investigada.\n<\/p>\n<p><strong>g1-RN<\/strong>              <\/p>\n<\/div>\n<p><br \/>\n<br \/><a href=\"https:\/\/diariodobrasilnoticias.com.br\/noticia\/policial-militar-da-reserva-e-morto-a-tiros-durante-vaquejada-6727fd4565a59\">Source link <\/a><\/p>","protected":false},"excerpt":{"rendered":"<p>Um homem foi assassinado durante uma vaquejada na madrugada deste domingo (3) na zona rural de Cruzeta, na regi\u00e3o Serid\u00f3 potiguar, distante cerca de 232 km de Natal. A Pol\u00edcia&hellip;<\/p>","protected":false},"author":1,"featured_media":54546,"comment_status":"closed","ping_status":"open","sticky":false,"template":"","format":"standard","meta":{"content-type":"","footnotes":""},"categories":[16],"tags":[123,2448,5313,1267],"class_list":["post-54545","post","type-post","status-publish","format-standard","has-post-thumbnail","hentry","category-noticias","tag-brasil","tag-diario","tag-noticia","tag-noticias"],"_links":{"self":[{"href":"https:\/\/tvbrazilusa.com\/pt\/wp-json\/wp\/v2\/posts\/54545","targetHints":{"allow":["GET"]}}],"collection":[{"href":"https:\/\/tvbrazilusa.com\/pt\/wp-json\/wp\/v2\/posts"}],"about":[{"href":"https:\/\/tvbrazilusa.com\/pt\/wp-json\/wp\/v2\/types\/post"}],"author":[{"embeddable":true,"href":"https:\/\/tvbrazilusa.com\/pt\/wp-json\/wp\/v2\/users\/1"}],"replies":[{"embeddable":true,"href":"https:\/\/tvbrazilusa.com\/pt\/wp-json\/wp\/v2\/comments?post=54545"}],"version-history":[{"count":1,"href":"https:\/\/tvbrazilusa.com\/pt\/wp-json\/wp\/v2\/posts\/54545\/revisions"}],"predecessor-version":[{"id":54547,"href":"https:\/\/tvbrazilusa.com\/pt\/wp-json\/wp\/v2\/posts\/54545\/revisions\/54547"}],"wp:featuredmedia":[{"embeddable":true,"href":"https:\/\/tvbrazilusa.com\/pt\/wp-json\/wp\/v2\/media\/54546"}],"wp:attachment":[{"href":"https:\/\/tvbrazilusa.com\/pt\/wp-json\/wp\/v2\/media?parent=54545"}],"wp:term":[{"taxonomy":"category","embeddable":true,"href":"https:\/\/tvbrazilusa.com\/pt\/wp-json\/wp\/v2\/categories?post=54545"},{"taxonomy":"post_tag","embeddable":true,"href":"https:\/\/tvbrazilusa.com\/pt\/wp-json\/wp\/v2\/tags?post=54545"}],"curies":[{"name":"wp","href":"https:\/\/api.w.org\/{rel}","templated":true}]}}