{"id":54646,"date":"2024-11-04T13:32:35","date_gmt":"2024-11-04T13:32:35","guid":{"rendered":"https:\/\/tvbrazilusa.com\/2024\/11\/04\/grupo-de-brasileiros-e-sequestrado-por-homens-armados\/"},"modified":"2024-11-04T13:32:37","modified_gmt":"2024-11-04T13:32:37","slug":"grupo-de-brasileiros-e-sequestrado-por-homens-armados","status":"publish","type":"post","link":"https:\/\/tvbrazilusa.com\/pt\/2024\/11\/04\/grupo-de-brasileiros-e-sequestrado-por-homens-armados\/","title":{"rendered":"Grupo de brasileiros \u00e9 sequestrado por homens armados"},"content":{"rendered":"<p> <script async src=\"https:\/\/pagead2.googlesyndication.com\/pagead\/js\/adsbygoogle.js?client=ca-pub-8864793242727901\"\r\n     crossorigin=\"anonymous\"><\/script><br \/>\n<\/p>\n<div>\n<figure class=\"post-image\">\n<\/figure>\n<p>            <span style=\"font-size: 12px\">(Divulga\u00e7\u00e3o)<\/span><\/p>\n<p>            <!-- end metas --><br \/>\n            <!-- ADS --><\/p>\n<div id=\"taboola-read-more\" style=\"display:block; width:100%\">\n<p>Na tarde deste s\u00e1bado (2), um grupo de pelo menos tr\u00eas brasileiros foi sequestrado por homens armados em uma \u00e1rea de garimpo na Guiana, pa\u00eds que faz fronteira com o Brasil atrav\u00e9s de Roraima. De acordo com informa\u00e7\u00f5es da Pol\u00edcia Civil de Roraima, as v\u00edtimas j\u00e1 foram libertadas pelos sequestradores.\n<\/p>\n<p>De acordo com a Rede Amaz\u00f4nica, o incidente ocorreu em uma regi\u00e3o de garimpo pr\u00f3xima a Jacamim. Armados com fuzis, os criminosos abordaram os brasileiros, questionando-os sobre ouro e disparando tiros. Durante a a\u00e7\u00e3o, eles roubaram duas caminhonetes e levaram as v\u00edtimas com eles. At\u00e9 o momento, n\u00e3o h\u00e1 informa\u00e7\u00f5es sobre a dura\u00e7\u00e3o do sequestro ou os detalhes da libera\u00e7\u00e3o dos ref\u00e9ns.<\/p>\n<p>Para aumentar a seguran\u00e7a na fronteira, a Pol\u00edcia Civil de Bonfim, cidade roraimense vizinha \u00e0 Guiana, recebeu apoio da Pol\u00edcia Militar, Pol\u00edcia Federal, Guarda Municipal de Bonfim e do Ex\u00e9rcito Brasileiro. As for\u00e7as de seguran\u00e7a foram mobilizadas para monitorar poss\u00edveis movimenta\u00e7\u00f5es dos sequestradores em dire\u00e7\u00e3o ao Brasil.\n<\/p>\n<p>Apesar das preocupa\u00e7\u00f5es, a Pol\u00edcia Civil de Roraima informou que a situa\u00e7\u00e3o foi resolvida ainda na Guiana e que as v\u00edtimas foram libertadas sem que os sequestradores entrassem no territ\u00f3rio brasileiro. A atua\u00e7\u00e3o r\u00e1pida das autoridades locais foi crucial para garantir a seguran\u00e7a dos cidad\u00e3os brasileiros envolvidos.\n<\/p>\n<p>Fonte: Gazeta Brasil              <\/p>\n<\/div>\n<p>                        <!-- Scripts para conteudo --><\/p>\n<p>            <!-- .\/Scripts para conteudo --><br \/>\n            <!-- .\/Mat\u00e9ria --><\/p>\n<div class=\"row mt-3\">\n<div class=\"col-sm-6\">\n                <!-- Whatsapp channel 3--><br \/>\n                <a href=\"https:\/\/chat.whatsapp.com\/J6hwSKYns5B0XFowx2wZ0P\" target=\"_blank\" rel=\"noopener\"><br \/>\n                  <img decoding=\"async\" src=\"https:\/\/diariodobrasilnoticias.com.br\/assets-site\/images\/bot_whatsapp.png\"\/><\/a>\n              <\/div>\n<div class=\"col-sm-6\">\n                <a href=\"https:\/\/t.me\/+_4gTmi5LKo03OTM5\" target=\"_blank\" rel=\"noopener\"><br \/>\n                  <img decoding=\"async\" src=\"https:\/\/diariodobrasilnoticias.com.br\/assets-site\/images\/bot_telegram.png\"\/><\/a>\n              <\/div>\n<\/p><\/div>\n<p>            <!-- end post-navigation --><\/p>\n<p>              <!-- end row --><\/p>\n<p>              <!-- end col-12-->\n                      <\/div>\n<p><br \/>\n<br \/><a href=\"https:\/\/diariodobrasilnoticias.com.br\/noticia\/grupo-de-brasileiros-e-sequestrado-por-homens-armados-na-guiana-6728a1b52d491\">Source link <\/a><\/p>","protected":false},"excerpt":{"rendered":"<p>(Divulga\u00e7\u00e3o) Na tarde deste s\u00e1bado (2), um grupo de pelo menos tr\u00eas brasileiros foi sequestrado por homens armados em uma \u00e1rea de garimpo na Guiana, pa\u00eds que faz fronteira com&hellip;<\/p>","protected":false},"author":1,"featured_media":54647,"comment_status":"closed","ping_status":"open","sticky":false,"template":"","format":"standard","meta":{"content-type":"","footnotes":""},"categories":[16],"tags":[123,2448,5313,1267],"class_list":["post-54646","post","type-post","status-publish","format-standard","has-post-thumbnail","hentry","category-noticias","tag-brasil","tag-diario","tag-noticia","tag-noticias"],"_links":{"self":[{"href":"https:\/\/tvbrazilusa.com\/pt\/wp-json\/wp\/v2\/posts\/54646","targetHints":{"allow":["GET"]}}],"collection":[{"href":"https:\/\/tvbrazilusa.com\/pt\/wp-json\/wp\/v2\/posts"}],"about":[{"href":"https:\/\/tvbrazilusa.com\/pt\/wp-json\/wp\/v2\/types\/post"}],"author":[{"embeddable":true,"href":"https:\/\/tvbrazilusa.com\/pt\/wp-json\/wp\/v2\/users\/1"}],"replies":[{"embeddable":true,"href":"https:\/\/tvbrazilusa.com\/pt\/wp-json\/wp\/v2\/comments?post=54646"}],"version-history":[{"count":1,"href":"https:\/\/tvbrazilusa.com\/pt\/wp-json\/wp\/v2\/posts\/54646\/revisions"}],"predecessor-version":[{"id":54648,"href":"https:\/\/tvbrazilusa.com\/pt\/wp-json\/wp\/v2\/posts\/54646\/revisions\/54648"}],"wp:featuredmedia":[{"embeddable":true,"href":"https:\/\/tvbrazilusa.com\/pt\/wp-json\/wp\/v2\/media\/54647"}],"wp:attachment":[{"href":"https:\/\/tvbrazilusa.com\/pt\/wp-json\/wp\/v2\/media?parent=54646"}],"wp:term":[{"taxonomy":"category","embeddable":true,"href":"https:\/\/tvbrazilusa.com\/pt\/wp-json\/wp\/v2\/categories?post=54646"},{"taxonomy":"post_tag","embeddable":true,"href":"https:\/\/tvbrazilusa.com\/pt\/wp-json\/wp\/v2\/tags?post=54646"}],"curies":[{"name":"wp","href":"https:\/\/api.w.org\/{rel}","templated":true}]}}