{"id":54651,"date":"2024-11-04T13:52:15","date_gmt":"2024-11-04T13:52:15","guid":{"rendered":"https:\/\/tvbrazilusa.com\/2024\/11\/04\/pt-barrou-projeto-que-puniria-lula-por-descumprimento-de-metas-ambientais\/"},"modified":"2024-11-04T13:52:16","modified_gmt":"2024-11-04T13:52:16","slug":"pt-barrou-projeto-que-puniria-lula-por-descumprimento-de-metas-ambientais","status":"publish","type":"post","link":"https:\/\/tvbrazilusa.com\/pt\/2024\/11\/04\/pt-barrou-projeto-que-puniria-lula-por-descumprimento-de-metas-ambientais\/","title":{"rendered":"PT barrou projeto que puniria Lula por descumprimento de metas ambientais"},"content":{"rendered":"<p> <script async src=\"https:\/\/pagead2.googlesyndication.com\/pagead\/js\/adsbygoogle.js?client=ca-pub-8864793242727901\"\r\n     crossorigin=\"anonymous\"><\/script><br \/>\n<\/p>\n<div id=\"taboola-read-more\" style=\"display:block; width:100%\">\n<p>Lula (PT) trouxe a COP para o Brasil e far\u00e1 discursos a favor da agenda verde. Mas o PT foi contra um projeto que previa puni\u00e7\u00e3o a presidentes que n\u00e3o cumprissem metas ambientais.\n<\/p>\n<p><strong>O que aconteceu<\/strong><\/p>\n<p>O partido liderou uma ofensiva para evitar a vota\u00e7\u00e3o da proposta. O projeto seria analisado na quinta-feira (31) pela Comiss\u00e3o de Meio Ambiente e Desenvolvimento Sustent\u00e1vel da C\u00e2mara.\n<\/p>\n<p>Foram 8 votos para tirar o projeto da pauta e 4 para ir \u00e0 vota\u00e7\u00e3o. Os tr\u00eas deputados do PT optaram pelo adiamento e se alinharam, por exemplo, com Z\u00e9 Trov\u00e3o (PL-SC), da ala bolsonarista raiz.\n<\/p>\n<p>Relator do projeto, o deputado Amom Mandel (Cidadania-AM) acusou o governo de \u201cgreenwashing\u201d. Isso quer dizer que o governo estaria maquiando atitudes consideradas em defesa do meio ambiente, sem efeitos pr\u00e1ticos. Ele declarou que na COP Lula e a ministra do Meio Ambiente, Marina Silva, v\u00e3o falar a favor de metas que n\u00e3o cumprem.\n<\/p>\n<p>O presidente tenta se projetar como lideran\u00e7a mundial da agenda verde. Ele afirma que o Brasil sempre foi um exemplo de preserva\u00e7\u00e3o e de energia limpa e que este princ\u00edpio foi retomado quando voltou ao Planalto, depois de vencer Jair Bolsonaro (PL).\n<\/p>\n<p>Ao agir para proteger Lula, o PT adia a implementa\u00e7\u00e3o de uma s\u00e9rie de medidas:\n<\/p>\n<p>-Reduzir em 37% a emiss\u00e3o de gases do efeito estufa at\u00e9 o ano que vem \u2014 este foi um compromisso do Brasil no Acordo de Paris;<br \/>-Controlar o desmatamento;<br \/>-Aumentar as fontes de energia renov\u00e1vel na matriz energ\u00e9tica;<br \/>-Abrir linhas de cr\u00e9dito para investimentos ambientais;<br \/>-Neutralizar as emiss\u00f5es de gases do efeito estufa at\u00e9 2050.\n<\/p>\n<p>A assessoria da Presid\u00eancia justificou que este \u00e9 assunto do Legislativo e n\u00e3o comentou o caso.\n<\/p>\n<p>Fonte: UOL              <\/p>\n<\/div>\n<p><br \/>\n<br \/><a href=\"https:\/\/diariodobrasilnoticias.com.br\/noticia\/pt-barrou-projeto-que-puniria-lula-por-descumprimento-de-metas-ambientais-6728a46ebb25b\">Source link <\/a><\/p>","protected":false},"excerpt":{"rendered":"<p>Lula (PT) trouxe a COP para o Brasil e far\u00e1 discursos a favor da agenda verde. Mas o PT foi contra um projeto que previa puni\u00e7\u00e3o a presidentes que n\u00e3o&hellip;<\/p>","protected":false},"author":1,"featured_media":54652,"comment_status":"closed","ping_status":"open","sticky":false,"template":"","format":"standard","meta":{"content-type":"","footnotes":""},"categories":[16],"tags":[123,2448,5313,1267],"class_list":["post-54651","post","type-post","status-publish","format-standard","has-post-thumbnail","hentry","category-noticias","tag-brasil","tag-diario","tag-noticia","tag-noticias"],"_links":{"self":[{"href":"https:\/\/tvbrazilusa.com\/pt\/wp-json\/wp\/v2\/posts\/54651","targetHints":{"allow":["GET"]}}],"collection":[{"href":"https:\/\/tvbrazilusa.com\/pt\/wp-json\/wp\/v2\/posts"}],"about":[{"href":"https:\/\/tvbrazilusa.com\/pt\/wp-json\/wp\/v2\/types\/post"}],"author":[{"embeddable":true,"href":"https:\/\/tvbrazilusa.com\/pt\/wp-json\/wp\/v2\/users\/1"}],"replies":[{"embeddable":true,"href":"https:\/\/tvbrazilusa.com\/pt\/wp-json\/wp\/v2\/comments?post=54651"}],"version-history":[{"count":1,"href":"https:\/\/tvbrazilusa.com\/pt\/wp-json\/wp\/v2\/posts\/54651\/revisions"}],"predecessor-version":[{"id":54653,"href":"https:\/\/tvbrazilusa.com\/pt\/wp-json\/wp\/v2\/posts\/54651\/revisions\/54653"}],"wp:featuredmedia":[{"embeddable":true,"href":"https:\/\/tvbrazilusa.com\/pt\/wp-json\/wp\/v2\/media\/54652"}],"wp:attachment":[{"href":"https:\/\/tvbrazilusa.com\/pt\/wp-json\/wp\/v2\/media?parent=54651"}],"wp:term":[{"taxonomy":"category","embeddable":true,"href":"https:\/\/tvbrazilusa.com\/pt\/wp-json\/wp\/v2\/categories?post=54651"},{"taxonomy":"post_tag","embeddable":true,"href":"https:\/\/tvbrazilusa.com\/pt\/wp-json\/wp\/v2\/tags?post=54651"}],"curies":[{"name":"wp","href":"https:\/\/api.w.org\/{rel}","templated":true}]}}