{"id":54654,"date":"2024-11-04T14:05:09","date_gmt":"2024-11-04T14:05:09","guid":{"rendered":"https:\/\/tvbrazilusa.com\/2024\/11\/04\/29-criancas-podem-receber-pena-de-morte-apos-protesto-contra-crise\/"},"modified":"2024-11-04T14:05:11","modified_gmt":"2024-11-04T14:05:11","slug":"29-criancas-podem-receber-pena-de-morte-apos-protesto-contra-crise","status":"publish","type":"post","link":"https:\/\/tvbrazilusa.com\/pt\/2024\/11\/04\/29-criancas-podem-receber-pena-de-morte-apos-protesto-contra-crise\/","title":{"rendered":"29 crian\u00e7as podem receber pena de morte ap\u00f3s protesto contra crise"},"content":{"rendered":"<p> <script async src=\"https:\/\/pagead2.googlesyndication.com\/pagead\/js\/adsbygoogle.js?client=ca-pub-8864793242727901\"\r\n     crossorigin=\"anonymous\"><\/script><br \/>\n<\/p>\n<div id=\"taboola-read-more\" style=\"display:block; width:100%\">\n<p data-sourcepos=\"1:1-1:267\">29 crian\u00e7as podem enfrentar a pena de morte na Nig\u00e9ria ap\u00f3s serem indiciadas na sexta-feira por participar de um protesto contra a crise do alto custo de vida no pa\u00eds. Quatro deles desmaiaram no tribunal devido ao cansa\u00e7o antes mesmo de poderem apresentar uma defesa.\n<\/p>\n<p data-sourcepos=\"3:1-3:184\">Um total de 76 manifestantes foram acusados de 10 crimes, incluindo trai\u00e7\u00e3o, destrui\u00e7\u00e3o de propriedade, dist\u00farbio p\u00fablico e motim, de acordo com a acusa\u00e7\u00e3o vista pela Associated Press.<\/p>\n<p data-sourcepos=\"5:1-5:64\">De acordo com a acusa\u00e7\u00e3o, as crian\u00e7as tinham entre 14 e 17 anos.\n<\/p>\n<p data-sourcepos=\"7:1-7:239\">A frustra\u00e7\u00e3o com o alto custo de vida levou a v\u00e1rios protestos em massa nos \u00faltimos meses. Em agosto, pelo menos 20 pessoas foram mortas a tiros e centenas foram presas em um protesto exigindo melhores oportunidades e empregos para jovens.\n<\/p>\n<p data-sourcepos=\"9:1-9:105\">A pena de morte foi introduzida na d\u00e9cada de 1970 na Nig\u00e9ria, mas n\u00e3o houve execu\u00e7\u00f5es no pa\u00eds desde 2016.\n<\/p>\n<p data-sourcepos=\"11:1-11:189\">Akintayo Balogun, um advogado particular com sede em Abuja, disse que a Lei dos Direitos da Crian\u00e7a n\u00e3o permite que nenhuma crian\u00e7a seja submetida a processos criminais e condenada \u00e0 morte.\n<\/p>\n<p data-sourcepos=\"13:1-13:157\">\u201cPortanto, levar menores para um tribunal federal \u00e9 errado, ab initio, a menos que o governo possa provar que os meninos t\u00eam mais de 19 anos\u201d, disse Balogun, conforme relatado\u00a0pela\u00a0<em>The Associated Press<\/em>\u00a0.\n<\/p>\n<p data-sourcepos=\"15:1-15:209\">O tribunal acabou concedendo uma fian\u00e7a de 10 milh\u00f5es de nairas (US$ 5.900) a cada um dos r\u00e9us e imp\u00f4s condi\u00e7\u00f5es rigorosas que ainda n\u00e3o foram cumpridas, disse Marshal Abubakar, advogado de alguns dos meninos.\n<\/p>\n<p data-sourcepos=\"17:1-17:146\">\u201cUm pa\u00eds que tem o dever de educar seus filhos decidir\u00e1 punir essas crian\u00e7as. Essas crian\u00e7as est\u00e3o detidas h\u00e1 90 dias sem comida\u201d, disse Abubakar.\n<\/p>\n<p data-sourcepos=\"19:1-19:198\">Yemi Adamolekun, diretora executiva da Enough is Enough, uma organiza\u00e7\u00e3o da sociedade civil que promove a boa governan\u00e7a na Nig\u00e9ria, disse que as autoridades n\u00e3o t\u00eam o direito de processar crian\u00e7as.\n<\/p>\n<p data-sourcepos=\"21:1-21:91\">\u201cO chefe da justi\u00e7a da Nig\u00e9ria deveria ter vergonha, ela \u00e9 mulher e m\u00e3e\u201d, disse Adamolekun.\n<\/p>\n<p data-sourcepos=\"23:1-23:348\">Apesar de ser um dos principais produtores de petr\u00f3leo bruto da \u00c1frica, a Nig\u00e9ria continua sendo um dos pa\u00edses mais pobres do mundo. A corrup\u00e7\u00e3o cr\u00f4nica significa que o estilo de vida de seus funcion\u00e1rios p\u00fablicos raramente reflete o da popula\u00e7\u00e3o em geral. Profissionais m\u00e9dicos frequentemente entram em greve para protestar contra sal\u00e1rios baixos.\n<\/p>\n<p data-sourcepos=\"25:1-25:262\">Os pol\u00edticos e legisladores do pa\u00eds, muitas vezes acusados de corrup\u00e7\u00e3o, est\u00e3o entre os mais bem pagos da \u00c1frica. At\u00e9 mesmo a esposa do presidente \u2013 cujo cargo n\u00e3o est\u00e1 previsto na constitui\u00e7\u00e3o \u2013 tem direito a SUVs e outros luxos financiados pelos contribuintes.\n<\/p>\n<p data-sourcepos=\"27:1-27:303\">A popula\u00e7\u00e3o da Nig\u00e9ria, com mais de 210 milh\u00f5es de pessoas, \u00e9 a maior do continente e tamb\u00e9m est\u00e1 entre as mais famintas do mundo, e seu governo tem lutado para criar empregos. A taxa de infla\u00e7\u00e3o tamb\u00e9m est\u00e1 em uma alta de 28 anos e a moeda local, a naira, em n\u00edveis recordes baixos em rela\u00e7\u00e3o ao d\u00f3lar.\n<\/p>\n<p data-sourcepos=\"29:1-29:296\">Na quinta-feira, a Nig\u00e9ria foi classificada como um \u201cponto cr\u00edtico de alta preocupa\u00e7\u00e3o\u201d, em um relat\u00f3rio das ag\u00eancias alimentares da ONU, pois um grande n\u00famero de pessoas est\u00e1 enfrentando ou est\u00e1 projetado para enfrentar n\u00edveis cr\u00edticos de inseguran\u00e7a alimentar aguda no pa\u00eds da \u00c1frica Ocidental.\n<\/p>\n<p data-sourcepos=\"29:1-29:296\"><em>*Com informa\u00e7\u00f5es de ag\u00eancias de not\u00edcias internacionais<\/em>\n<\/p>\n<p data-sourcepos=\"29:1-29:296\">Fonte: Gazeta Brasil              <\/p>\n<\/div>\n<p><br \/>\n<br \/><a href=\"https:\/\/diariodobrasilnoticias.com.br\/noticia\/29-criancas-podem-receber-pena-de-morte-apos-protesto-contra-crise-6728a3080da84\">Source link <\/a><\/p>","protected":false},"excerpt":{"rendered":"<p>29 crian\u00e7as podem enfrentar a pena de morte na Nig\u00e9ria ap\u00f3s serem indiciadas na sexta-feira por participar de um protesto contra a crise do alto custo de vida no pa\u00eds.&hellip;<\/p>","protected":false},"author":1,"featured_media":54655,"comment_status":"closed","ping_status":"open","sticky":false,"template":"","format":"standard","meta":{"content-type":"","footnotes":""},"categories":[16],"tags":[123,2448,5313,1267],"class_list":["post-54654","post","type-post","status-publish","format-standard","has-post-thumbnail","hentry","category-noticias","tag-brasil","tag-diario","tag-noticia","tag-noticias"],"_links":{"self":[{"href":"https:\/\/tvbrazilusa.com\/pt\/wp-json\/wp\/v2\/posts\/54654","targetHints":{"allow":["GET"]}}],"collection":[{"href":"https:\/\/tvbrazilusa.com\/pt\/wp-json\/wp\/v2\/posts"}],"about":[{"href":"https:\/\/tvbrazilusa.com\/pt\/wp-json\/wp\/v2\/types\/post"}],"author":[{"embeddable":true,"href":"https:\/\/tvbrazilusa.com\/pt\/wp-json\/wp\/v2\/users\/1"}],"replies":[{"embeddable":true,"href":"https:\/\/tvbrazilusa.com\/pt\/wp-json\/wp\/v2\/comments?post=54654"}],"version-history":[{"count":1,"href":"https:\/\/tvbrazilusa.com\/pt\/wp-json\/wp\/v2\/posts\/54654\/revisions"}],"predecessor-version":[{"id":54656,"href":"https:\/\/tvbrazilusa.com\/pt\/wp-json\/wp\/v2\/posts\/54654\/revisions\/54656"}],"wp:featuredmedia":[{"embeddable":true,"href":"https:\/\/tvbrazilusa.com\/pt\/wp-json\/wp\/v2\/media\/54655"}],"wp:attachment":[{"href":"https:\/\/tvbrazilusa.com\/pt\/wp-json\/wp\/v2\/media?parent=54654"}],"wp:term":[{"taxonomy":"category","embeddable":true,"href":"https:\/\/tvbrazilusa.com\/pt\/wp-json\/wp\/v2\/categories?post=54654"},{"taxonomy":"post_tag","embeddable":true,"href":"https:\/\/tvbrazilusa.com\/pt\/wp-json\/wp\/v2\/tags?post=54654"}],"curies":[{"name":"wp","href":"https:\/\/api.w.org\/{rel}","templated":true}]}}