{"id":54682,"date":"2024-11-04T15:30:10","date_gmt":"2024-11-04T15:30:10","guid":{"rendered":"https:\/\/tvbrazilusa.com\/2024\/11\/04\/pedalada-na-telebras\/"},"modified":"2024-11-04T15:30:11","modified_gmt":"2024-11-04T15:30:11","slug":"pedalada-na-telebras","status":"publish","type":"post","link":"https:\/\/tvbrazilusa.com\/pt\/2024\/11\/04\/pedalada-na-telebras\/","title":{"rendered":"Pedalada na Telebras?"},"content":{"rendered":"<p> <script async src=\"https:\/\/pagead2.googlesyndication.com\/pagead\/js\/adsbygoogle.js?client=ca-pub-8864793242727901\"\r\n     crossorigin=\"anonymous\"><\/script><br \/>\n<\/p>\n<div id=\"taboola-read-more\" style=\"display:block; width:100%\">\n<p>Telebras, empresa estatal de telecomunica\u00e7\u00f5es, admitiu ao Tribunal de Contas da Uni\u00e3o (TCU) uma pedalada fiscal de 77 milh\u00f5es de reais para rolar as despesas de 2023 para o Or\u00e7amento de 2024, publicou o Uol.\n<\/p>\n<p>Com a transfer\u00eancia dos compromissos financeiros para o ano seguinte, o d\u00e9ficit projetado pela estatal vinculada ao Minist\u00e9rio das Comunica\u00e7\u00f5es, de Juscelino Filho (Uni\u00e3o-MA), para 2025 pode alcan\u00e7ar a cifra de 184 milh\u00f5es de reais.<\/p>\n<p>R<br \/>A Telebras, empresa estatal de telecomunica\u00e7\u00f5es, admitiu ao Tribunal de Contas da Uni\u00e3o (TCU) uma pedalada fiscal de 77 milh\u00f5es de reais para rolar as despesas de 2023 para o Or\u00e7amento de 2024, publicou o Uol.\n<\/p>\n<p>Com a transfer\u00eancia dos compromissos financeiros para o ano seguinte, o d\u00e9ficit projetado pela estatal vinculada ao Minist\u00e9rio das Comunica\u00e7\u00f5es, de Juscelino Filho (Uni\u00e3o-MA), para 2025 pode alcan\u00e7ar a cifra de 184 milh\u00f5es de reais.\n<\/p>\n<p>O valor poderia mais que dobrar em compara\u00e7\u00e3o ao ano vigente.\n<\/p>\n<p>Telebras admite uso da DEA<br \/>Em resposta ao ministro Antonio Anastasia, do TCU, a Telebras confirmou ter utilizado o mecanismo or\u00e7ament\u00e1rio de Despesas de Exerc\u00edcios Anteriores (DEA) para rolar suas despesas.\n<\/p>\n<p>A DEA \u00e9 uma ferramenta or\u00e7ament\u00e1ria permitida somente em situa\u00e7\u00f5es excepcionais previstas por lei. Quando usada indevidamente, pode inflacionar artificialmente os or\u00e7amentos de \u00f3rg\u00e3os p\u00fablicos, gerar ac\u00famulo de d\u00edvidas para o governo federal, distorcer resultados fiscais e comprometer recursos futuros, prejudicando o planejamento governamental.\n<\/p>\n<p>A Telebras alegou ao TCU ter informado sobre o uso da DEA a \u201ctodas as partes interessadas\u201d, sem, contudo, mencionar quais seriam esses \u00f3rg\u00e3os.\n<\/p>\n<p>Segundo o portal, dois of\u00edcios datados de fevereiro de 2024 mostram que a Telebras comunicou ao Minist\u00e9rio das Comunica\u00e7\u00f5es um saldo de 80 milh\u00f5es de reais em DEA para o ano corrente.\n<\/p>\n<p>Ao Tribunal de Contas, a pasta disse que realizou reuni\u00f5es ministeriais com \u00f3rg\u00e3os centrais para tratar das implica\u00e7\u00f5es e riscos associados \u00e0 situa\u00e7\u00e3o adversa da empresa.\n<\/p>\n<p>Duas reuni\u00f5es importantes foram citadas: uma em 19 de mar\u00e7o com os ministros Fernando Haddad, da Fazenda, e Juscelino Filho, das Comunica\u00e7\u00f5es, al\u00e9m de representantes da Receita Federal; e outra em 9 de abril com os mesmos ministros e o presidente da Telebras, Frederico de Siqueira (\u00e0 esquerda na foto).\n<\/p>\n<p><strong>Pedalada foi inevit\u00e1vel?<\/strong><br \/>No decorrer de 2023, a Telebras encaminhou sete pedidos aos minist\u00e9rios das Comunica\u00e7\u00f5es e do Planejamento, al\u00e9m do Senado, solicitando aumento no or\u00e7amento. Tr\u00eas desses pedidos foram negados e quatro ficaram sem resposta.\n<\/p>\n<p>Diante desse cen\u00e1rio, a utiliza\u00e7\u00e3o da DEA foi descrita pela estatal como \u201cinevit\u00e1vel\u201d para assegurar a continuidade dos servi\u00e7os prestados aos clientes e manter pol\u00edticas p\u00fablicas essenciais.\n<\/p>\n<p><strong>Nova pedalada para 2025?<\/strong><br \/>A Telebras tamb\u00e9m relatou ao TCU que recebeu uma libera\u00e7\u00e3o governamental de 80 milh\u00f5es de reais em setembro deste ano. No entanto, considerou esse montante insuficiente para cobrir todas as despesas necess\u00e1rias.\n<\/p>\n<p>Para 2025, a estatal estima ter 264 milh\u00f5es de reais em pagamento de DEA para fazer.\n<\/p>\n<p>Com os recursos recebidos em setembro, ela deve dar uma pedalada de 184 milh\u00f5es de reais.<\/p>\n<p>Fonte: O antagonista              <\/p>\n<\/div>\n<p><br \/>\n<br \/><a href=\"https:\/\/diariodobrasilnoticias.com.br\/noticia\/pedalada-na-telebras-6728cc9241138\">Source link <\/a><\/p>","protected":false},"excerpt":{"rendered":"<p>Telebras, empresa estatal de telecomunica\u00e7\u00f5es, admitiu ao Tribunal de Contas da Uni\u00e3o (TCU) uma pedalada fiscal de 77 milh\u00f5es de reais para rolar as despesas de 2023 para o Or\u00e7amento&hellip;<\/p>","protected":false},"author":1,"featured_media":54683,"comment_status":"closed","ping_status":"open","sticky":false,"template":"","format":"standard","meta":{"content-type":"","footnotes":""},"categories":[16],"tags":[123,2448,5313,1267],"class_list":["post-54682","post","type-post","status-publish","format-standard","has-post-thumbnail","hentry","category-noticias","tag-brasil","tag-diario","tag-noticia","tag-noticias"],"_links":{"self":[{"href":"https:\/\/tvbrazilusa.com\/pt\/wp-json\/wp\/v2\/posts\/54682","targetHints":{"allow":["GET"]}}],"collection":[{"href":"https:\/\/tvbrazilusa.com\/pt\/wp-json\/wp\/v2\/posts"}],"about":[{"href":"https:\/\/tvbrazilusa.com\/pt\/wp-json\/wp\/v2\/types\/post"}],"author":[{"embeddable":true,"href":"https:\/\/tvbrazilusa.com\/pt\/wp-json\/wp\/v2\/users\/1"}],"replies":[{"embeddable":true,"href":"https:\/\/tvbrazilusa.com\/pt\/wp-json\/wp\/v2\/comments?post=54682"}],"version-history":[{"count":1,"href":"https:\/\/tvbrazilusa.com\/pt\/wp-json\/wp\/v2\/posts\/54682\/revisions"}],"predecessor-version":[{"id":54684,"href":"https:\/\/tvbrazilusa.com\/pt\/wp-json\/wp\/v2\/posts\/54682\/revisions\/54684"}],"wp:featuredmedia":[{"embeddable":true,"href":"https:\/\/tvbrazilusa.com\/pt\/wp-json\/wp\/v2\/media\/54683"}],"wp:attachment":[{"href":"https:\/\/tvbrazilusa.com\/pt\/wp-json\/wp\/v2\/media?parent=54682"}],"wp:term":[{"taxonomy":"category","embeddable":true,"href":"https:\/\/tvbrazilusa.com\/pt\/wp-json\/wp\/v2\/categories?post=54682"},{"taxonomy":"post_tag","embeddable":true,"href":"https:\/\/tvbrazilusa.com\/pt\/wp-json\/wp\/v2\/tags?post=54682"}],"curies":[{"name":"wp","href":"https:\/\/api.w.org\/{rel}","templated":true}]}}