{"id":54685,"date":"2024-11-04T15:42:40","date_gmt":"2024-11-04T15:42:40","guid":{"rendered":"https:\/\/tvbrazilusa.com\/2024\/11\/04\/morre-o-cantor-agnaldo-rayol-aos-86-anos\/"},"modified":"2024-11-04T15:42:41","modified_gmt":"2024-11-04T15:42:41","slug":"morre-o-cantor-agnaldo-rayol-aos-86-anos","status":"publish","type":"post","link":"https:\/\/tvbrazilusa.com\/pt\/2024\/11\/04\/morre-o-cantor-agnaldo-rayol-aos-86-anos\/","title":{"rendered":"Morre o cantor Agnaldo Rayol, aos 86 anos"},"content":{"rendered":"<p> <script async src=\"https:\/\/pagead2.googlesyndication.com\/pagead\/js\/adsbygoogle.js?client=ca-pub-8864793242727901\"\r\n     crossorigin=\"anonymous\"><\/script><br \/>\n<\/p>\n<p>Agnaldo tamb\u00e9m chegou a atuar. Ele estreou nos cinemas aos 12 anos, com o filme Tamb\u00e9m Somos Irm\u00e3os. Participou de 14 filmes e lan\u00e7ou 56 discos, o \u00faltimo deles lan\u00e7ado em 2011, O Amor \u00c9 Tudo.\n<\/p>\n<div>\n<p>O auge da carreira de Agnaldo foi nos anos 1960, quando chegou a apresentar programas de televis\u00e3o na TV Record.\n<\/p>\n<p>A m\u00fasica Tormento d\u2019Amore, trilha sonora da novela Terra Nostra, da TV Globo, foi um grande marco na carreira do cantor.\n<\/p>\n<p>Fonte: Metr\u00f3poles\n<\/p>\n<\/div>\n<p><br \/>\n<br \/><a href=\"https:\/\/diariodobrasilnoticias.com.br\/noticia\/morre-o-cantor-agnaldo-rayol-aos-86-anos-6728c8053573a\">Source link <\/a><\/p>","protected":false},"excerpt":{"rendered":"<p>Agnaldo tamb\u00e9m chegou a atuar. Ele estreou nos cinemas aos 12 anos, com o filme Tamb\u00e9m Somos Irm\u00e3os. Participou de 14 filmes e lan\u00e7ou 56 discos, o \u00faltimo deles lan\u00e7ado&hellip;<\/p>","protected":false},"author":1,"featured_media":54686,"comment_status":"closed","ping_status":"open","sticky":false,"template":"","format":"standard","meta":{"content-type":"","footnotes":""},"categories":[16],"tags":[123,2448,5313,1267],"class_list":["post-54685","post","type-post","status-publish","format-standard","has-post-thumbnail","hentry","category-noticias","tag-brasil","tag-diario","tag-noticia","tag-noticias"],"_links":{"self":[{"href":"https:\/\/tvbrazilusa.com\/pt\/wp-json\/wp\/v2\/posts\/54685","targetHints":{"allow":["GET"]}}],"collection":[{"href":"https:\/\/tvbrazilusa.com\/pt\/wp-json\/wp\/v2\/posts"}],"about":[{"href":"https:\/\/tvbrazilusa.com\/pt\/wp-json\/wp\/v2\/types\/post"}],"author":[{"embeddable":true,"href":"https:\/\/tvbrazilusa.com\/pt\/wp-json\/wp\/v2\/users\/1"}],"replies":[{"embeddable":true,"href":"https:\/\/tvbrazilusa.com\/pt\/wp-json\/wp\/v2\/comments?post=54685"}],"version-history":[{"count":1,"href":"https:\/\/tvbrazilusa.com\/pt\/wp-json\/wp\/v2\/posts\/54685\/revisions"}],"predecessor-version":[{"id":54687,"href":"https:\/\/tvbrazilusa.com\/pt\/wp-json\/wp\/v2\/posts\/54685\/revisions\/54687"}],"wp:featuredmedia":[{"embeddable":true,"href":"https:\/\/tvbrazilusa.com\/pt\/wp-json\/wp\/v2\/media\/54686"}],"wp:attachment":[{"href":"https:\/\/tvbrazilusa.com\/pt\/wp-json\/wp\/v2\/media?parent=54685"}],"wp:term":[{"taxonomy":"category","embeddable":true,"href":"https:\/\/tvbrazilusa.com\/pt\/wp-json\/wp\/v2\/categories?post=54685"},{"taxonomy":"post_tag","embeddable":true,"href":"https:\/\/tvbrazilusa.com\/pt\/wp-json\/wp\/v2\/tags?post=54685"}],"curies":[{"name":"wp","href":"https:\/\/api.w.org\/{rel}","templated":true}]}}