{"id":54691,"date":"2024-11-04T16:13:10","date_gmt":"2024-11-04T16:13:10","guid":{"rendered":"https:\/\/tvbrazilusa.com\/2024\/11\/04\/seis-pessoas-ficam-feridas-apos-lancha-pegar-fogo-veja-video\/"},"modified":"2024-11-04T16:13:12","modified_gmt":"2024-11-04T16:13:12","slug":"seis-pessoas-ficam-feridas-apos-lancha-pegar-fogo-veja-video","status":"publish","type":"post","link":"https:\/\/tvbrazilusa.com\/pt\/2024\/11\/04\/seis-pessoas-ficam-feridas-apos-lancha-pegar-fogo-veja-video\/","title":{"rendered":"Seis pessoas ficam feridas ap\u00f3s lancha pegar fogo; VEJA V\u00cdDEO"},"content":{"rendered":"<p> <script async src=\"https:\/\/pagead2.googlesyndication.com\/pagead\/js\/adsbygoogle.js?client=ca-pub-8864793242727901\"\r\n     crossorigin=\"anonymous\"><\/script><br \/>\n<\/p>\n<div id=\"taboola-read-more\" style=\"display:block; width:100%\">\n<p>Pelo menos seis pessoas ficaram feridas ap\u00f3s uma lancha explodir na cidade de Porto Rico, no interior do Paran\u00e1, na terde do \u00faltimo s\u00e1bado (2). De acordo com a marinha, seis adultos e quatro crian\u00e7as estavam na embarca\u00e7\u00e3o no momento do acidente.<\/p>\n<p>Segundo informa\u00e7\u00f5es do Corpo de Bombeiros, dois militares que estavam fazendo preven\u00e7\u00e3o aqu\u00e1tica nas praias da cidade atenderam a ocorr\u00eancia. A lancha j\u00e1 estava tomada pelas chamas quando os brigadistas chegaram.<\/p>\n<p>Ainda de acordo com informa\u00e7\u00f5es do Corpo de Bombeiros, as v\u00edtimas teriam pulado na \u00e1gua quando o fogo come\u00e7ou. Todos que estavam a bordo foram resgatados por embarca\u00e7\u00f5es que estavam pr\u00f3ximas do local. O inc\u00eandio foi contido ap\u00f3s a lancha ser rebocada at\u00e9 a margem do rio.<\/p>\n<p>Todos os feridos foram encaminhados ao Hospital Municipal de Porto Rico para atendimento. Em seguida, algumas foram transferidas \u00e0 Santa Casa de Paranava\u00ed. As v\u00edtimas sofreram queimaduras. Pelo menos uma pessoa est\u00e1 internada em estado grave. As causas da explos\u00e3o ainda s\u00e3o investigadas.\n<\/p>\n<p>ASSISTA:<\/p>\n<p>Fonte: Reprodu\u00e7\u00e3o\/@bandnewstv              <\/p>\n<\/div>\n<p><br \/>\n<br \/><a href=\"https:\/\/diariodobrasilnoticias.com.br\/noticia\/seis-pessoas-ficam-feridas-apos-lancha-pegar-fogo-veja-video-6728d29d0d902\">Source link <\/a><\/p>","protected":false},"excerpt":{"rendered":"<p>Pelo menos seis pessoas ficaram feridas ap\u00f3s uma lancha explodir na cidade de Porto Rico, no interior do Paran\u00e1, na terde do \u00faltimo s\u00e1bado (2). De acordo com a marinha,&hellip;<\/p>","protected":false},"author":1,"featured_media":54692,"comment_status":"closed","ping_status":"open","sticky":false,"template":"","format":"standard","meta":{"content-type":"","footnotes":""},"categories":[16],"tags":[123,2448,5313,1267],"class_list":["post-54691","post","type-post","status-publish","format-standard","has-post-thumbnail","hentry","category-noticias","tag-brasil","tag-diario","tag-noticia","tag-noticias"],"_links":{"self":[{"href":"https:\/\/tvbrazilusa.com\/pt\/wp-json\/wp\/v2\/posts\/54691","targetHints":{"allow":["GET"]}}],"collection":[{"href":"https:\/\/tvbrazilusa.com\/pt\/wp-json\/wp\/v2\/posts"}],"about":[{"href":"https:\/\/tvbrazilusa.com\/pt\/wp-json\/wp\/v2\/types\/post"}],"author":[{"embeddable":true,"href":"https:\/\/tvbrazilusa.com\/pt\/wp-json\/wp\/v2\/users\/1"}],"replies":[{"embeddable":true,"href":"https:\/\/tvbrazilusa.com\/pt\/wp-json\/wp\/v2\/comments?post=54691"}],"version-history":[{"count":1,"href":"https:\/\/tvbrazilusa.com\/pt\/wp-json\/wp\/v2\/posts\/54691\/revisions"}],"predecessor-version":[{"id":54693,"href":"https:\/\/tvbrazilusa.com\/pt\/wp-json\/wp\/v2\/posts\/54691\/revisions\/54693"}],"wp:featuredmedia":[{"embeddable":true,"href":"https:\/\/tvbrazilusa.com\/pt\/wp-json\/wp\/v2\/media\/54692"}],"wp:attachment":[{"href":"https:\/\/tvbrazilusa.com\/pt\/wp-json\/wp\/v2\/media?parent=54691"}],"wp:term":[{"taxonomy":"category","embeddable":true,"href":"https:\/\/tvbrazilusa.com\/pt\/wp-json\/wp\/v2\/categories?post=54691"},{"taxonomy":"post_tag","embeddable":true,"href":"https:\/\/tvbrazilusa.com\/pt\/wp-json\/wp\/v2\/tags?post=54691"}],"curies":[{"name":"wp","href":"https:\/\/api.w.org\/{rel}","templated":true}]}}