{"id":54706,"date":"2024-11-04T16:53:44","date_gmt":"2024-11-04T16:53:44","guid":{"rendered":"https:\/\/tvbrazilusa.com\/2024\/11\/04\/haddad-e-lula-se-reunem-para-definir-estrategias-de-corte-de-gastos-em-um-momento-critico\/"},"modified":"2024-11-04T16:53:45","modified_gmt":"2024-11-04T16:53:45","slug":"haddad-e-lula-se-reunem-para-definir-estrategias-de-corte-de-gastos-em-um-momento-critico","status":"publish","type":"post","link":"https:\/\/tvbrazilusa.com\/pt\/2024\/11\/04\/haddad-e-lula-se-reunem-para-definir-estrategias-de-corte-de-gastos-em-um-momento-critico\/","title":{"rendered":"Haddad e Lula se re\u00fanem para definir estrat\u00e9gias de corte de gastos em um momento cr\u00edtico"},"content":{"rendered":"<p> <script async src=\"https:\/\/pagead2.googlesyndication.com\/pagead\/js\/adsbygoogle.js?client=ca-pub-8864793242727901\"\r\n     crossorigin=\"anonymous\"><\/script><br \/>\n<\/p>\n<div id=\"taboola-read-more\" style=\"display:block; width:100%\">\n<p>O ministro da Fazenda, Fernando Haddad, cancelou sua viagem \u00e0 Europa a pedido do presidente Luiz In\u00e1cio Lula da Silva, com o objetivo de se concentrar nas defini\u00e7\u00f5es do pacote de cortes de gastos do governo. Haddad se reunir\u00e1 nesta segunda-feira (4), \u00e0s 9h, em Bras\u00edlia, com Lula, o ministro da Casa Civil, Rui Costa, o ministro das Rela\u00e7\u00f5es Exteriores, Mauro Vieira, e o chefe da Secretaria-Geral da Presid\u00eancia, M\u00e1rcio Mac\u00eado.\n<\/p>\n<p>A reuni\u00e3o n\u00e3o apenas discutir\u00e1 as medidas de conten\u00e7\u00e3o de despesas, mas tamb\u00e9m abordar\u00e1 as elei\u00e7\u00f5es nos Estados Unidos, programadas para esta ter\u00e7a-feira (5). Inicialmente, Haddad embarcaria para a Europa na tarde de hoje e permaneceria fora at\u00e9 s\u00e1bado (9), mas decidiu priorizar as quest\u00f5es internas, em um momento cr\u00edtico para o governo, que enfrenta press\u00e3o para apresentar o t\u00e3o aguardado pacote de revis\u00e3o de gastos.<\/p>\n<p>O cancelamento da viagem foi visto como um sinal positivo pelo mercado, que tem se mostrado ansioso com a situa\u00e7\u00e3o fiscal do pa\u00eds. O economista-chefe do banco BV, Roberto Padovani, comentou que a not\u00edcia da viagem havia gerado estresse no mercado, simbolizando uma poss\u00edvel falta de urg\u00eancia nas decis\u00f5es de controle de gastos.\n<\/p>\n<p>Apesar da press\u00e3o para que medidas sejam anunciadas, o governo tem seguido seu pr\u00f3prio cronograma, refletindo a diferen\u00e7a entre o ritmo do mercado e as necessidades pol\u00edticas. Na semana passada, essa diferen\u00e7a resultou em turbul\u00eancia no mercado de c\u00e2mbio, com a cota\u00e7\u00e3o do d\u00f3lar disparando para R$ 5,86.\n<\/p>\n<p>Membros da equipe econ\u00f4mica reconhecem a delicadeza do momento, mas est\u00e3o alinhados \u00e0 orienta\u00e7\u00e3o de Haddad de manter a confidencialidade sobre as medidas fiscais. A estrat\u00e9gia se assemelha ao per\u00edodo anterior ao an\u00fancio do arcabou\u00e7o fiscal, que, embora possa aumentar a ansiedade do mercado, \u00e9 vista como necess\u00e1ria.\n<\/p>\n<p>Atualmente, Haddad e sua equipe est\u00e3o elaborando um pacote de revis\u00e3o de gastos que pode impor um limite de aumento real de 2,5% ao ano nas principais despesas do Or\u00e7amento, em conformidade com o teto do arcabou\u00e7o fiscal.<\/p>\n<p>Fonte: Gazeta Brasil              <\/p>\n<\/div>\n<p><br \/>\n<br \/><a href=\"https:\/\/diariodobrasilnoticias.com.br\/noticia\/haddad-e-lula-se-reunem-para-definir-estrategias-de-corte-de-gastos-em-um-momento-critico-6728d76e8c7e0\">Source link <\/a><\/p>","protected":false},"excerpt":{"rendered":"<p>O ministro da Fazenda, Fernando Haddad, cancelou sua viagem \u00e0 Europa a pedido do presidente Luiz In\u00e1cio Lula da Silva, com o objetivo de se concentrar nas defini\u00e7\u00f5es do pacote&hellip;<\/p>","protected":false},"author":1,"featured_media":54707,"comment_status":"closed","ping_status":"open","sticky":false,"template":"","format":"standard","meta":{"content-type":"","footnotes":""},"categories":[16],"tags":[123,2448,5313,1267],"class_list":["post-54706","post","type-post","status-publish","format-standard","has-post-thumbnail","hentry","category-noticias","tag-brasil","tag-diario","tag-noticia","tag-noticias"],"_links":{"self":[{"href":"https:\/\/tvbrazilusa.com\/pt\/wp-json\/wp\/v2\/posts\/54706","targetHints":{"allow":["GET"]}}],"collection":[{"href":"https:\/\/tvbrazilusa.com\/pt\/wp-json\/wp\/v2\/posts"}],"about":[{"href":"https:\/\/tvbrazilusa.com\/pt\/wp-json\/wp\/v2\/types\/post"}],"author":[{"embeddable":true,"href":"https:\/\/tvbrazilusa.com\/pt\/wp-json\/wp\/v2\/users\/1"}],"replies":[{"embeddable":true,"href":"https:\/\/tvbrazilusa.com\/pt\/wp-json\/wp\/v2\/comments?post=54706"}],"version-history":[{"count":1,"href":"https:\/\/tvbrazilusa.com\/pt\/wp-json\/wp\/v2\/posts\/54706\/revisions"}],"predecessor-version":[{"id":54708,"href":"https:\/\/tvbrazilusa.com\/pt\/wp-json\/wp\/v2\/posts\/54706\/revisions\/54708"}],"wp:featuredmedia":[{"embeddable":true,"href":"https:\/\/tvbrazilusa.com\/pt\/wp-json\/wp\/v2\/media\/54707"}],"wp:attachment":[{"href":"https:\/\/tvbrazilusa.com\/pt\/wp-json\/wp\/v2\/media?parent=54706"}],"wp:term":[{"taxonomy":"category","embeddable":true,"href":"https:\/\/tvbrazilusa.com\/pt\/wp-json\/wp\/v2\/categories?post=54706"},{"taxonomy":"post_tag","embeddable":true,"href":"https:\/\/tvbrazilusa.com\/pt\/wp-json\/wp\/v2\/tags?post=54706"}],"curies":[{"name":"wp","href":"https:\/\/api.w.org\/{rel}","templated":true}]}}