{"id":54841,"date":"2024-11-04T23:14:54","date_gmt":"2024-11-04T23:14:54","guid":{"rendered":"https:\/\/tvbrazilusa.com\/2024\/11\/04\/urgente-morre-antonio-augusto-amaral-de-carvalho-fundador-da-jovem-pan-aos-93-anos\/"},"modified":"2024-11-04T23:14:56","modified_gmt":"2024-11-04T23:14:56","slug":"urgente-morre-antonio-augusto-amaral-de-carvalho-fundador-da-jovem-pan-aos-93-anos","status":"publish","type":"post","link":"https:\/\/tvbrazilusa.com\/pt\/2024\/11\/04\/urgente-morre-antonio-augusto-amaral-de-carvalho-fundador-da-jovem-pan-aos-93-anos\/","title":{"rendered":"URGENTE: Morre Ant\u00f4nio Augusto Amaral de Carvalho, fundador da Jovem Pan, aos 93 anos"},"content":{"rendered":"<p> <script async src=\"https:\/\/pagead2.googlesyndication.com\/pagead\/js\/adsbygoogle.js?client=ca-pub-8864793242727901\"\r\n     crossorigin=\"anonymous\"><\/script><br \/>\n<\/p>\n<div>\n<figure class=\"post-image\">\n<\/figure>\n<p>            <span style=\"font-size: 12px\">Arquivo\/Jovem Pan<\/span><\/p>\n<p>            <!-- end metas --><br \/>\n            <!-- ADS --><\/p>\n<div id=\"taboola-read-more\" style=\"display:block; width:100%\">\n<p>Ant\u00f4nio Augusto Amaral de Carvalho, empres\u00e1rio da comunica\u00e7\u00e3o e fundador da Jovem Pan, faleceu nesta segunda-feira (04) aos 93 anos em S\u00e3o Paulo. Dono de uma trajet\u00f3ria impressionante, Seu Tuta, como ficou conhecido, transformou, idealizou e comandou programas que impactaram gera\u00e7\u00f5es na r\u00e1dio e na televis\u00e3o.<\/p>\n<p>Contribuiu para explos\u00e3o de grandes movimentos da m\u00fasica como a Jovem Guarda e a Tropic\u00e1lia e trabalhou diretamente com grandes estrelas como Hebe Camargo e J\u00f4 Soares. No esporte, foi o respons\u00e1vel pelas primeiras transmiss\u00f5es esportivas ao vivo a partir de est\u00e1dios fora do eixo Rio-S\u00e3o Paulo.<\/p>\n<p>Assumiu a dire\u00e7\u00e3o-geral da R\u00e1dio Panamericana em 1964 e revolucionou a emissora, come\u00e7ando pela troca de nome para Jovem Pan. Sempre compromissado com a informa\u00e7\u00e3o, implementou na d\u00e9cada de 1970 a programa\u00e7\u00e3o jornal\u00edstica de 24 horas. Foi o primeiro a apostar na transmiss\u00e3o em streaming pela internet e inaugurou o que, no dizer de Tuta, era &#8220;a r\u00e1dio com imagem&#8221;.<\/p>\n<p>Al\u00e9m da carreira brilhante, a personalidade do Seu Tuta, autor da frase: &#8220;Ningu\u00e9m faz sucesso sozinho&#8221;, firmou ainda mais seu legado. Um homem alto astral, que acreditava fortemente na valoriza\u00e7\u00e3o do trabalho em equipe dentro das reda\u00e7\u00f5es e nos bastidores da r\u00e1dio e da televis\u00e3o.\n<\/p>\n<p>Fonte: JP News<\/p>\n<\/p><\/div>\n<p>                        <!-- Scripts para conteudo --><\/p>\n<p>            <!-- .\/Scripts para conteudo --><br \/>\n            <!-- .\/Mat\u00e9ria --><\/p>\n<div class=\"row mt-3\">\n<div class=\"col-sm-6\">\n                <!-- Whatsapp channel 3--><br \/>\n                <a href=\"https:\/\/chat.whatsapp.com\/J6hwSKYns5B0XFowx2wZ0P\" target=\"_blank\" rel=\"noopener\"><br \/>\n                  <img decoding=\"async\" src=\"https:\/\/diariodobrasilnoticias.com.br\/assets-site\/images\/bot_whatsapp.png\"\/><\/a>\n              <\/div>\n<div class=\"col-sm-6\">\n                <a href=\"https:\/\/t.me\/+_4gTmi5LKo03OTM5\" target=\"_blank\" rel=\"noopener\"><br \/>\n                  <img decoding=\"async\" src=\"https:\/\/diariodobrasilnoticias.com.br\/assets-site\/images\/bot_telegram.png\"\/><\/a>\n              <\/div>\n<\/p><\/div>\n<p>            <!-- end post-navigation --><\/p>\n<p>              <!-- end row --><\/p>\n<p>              <!-- end col-12-->\n                      <\/div>\n<p><br \/>\n<br \/><a href=\"https:\/\/diariodobrasilnoticias.com.br\/noticia\/urgente-morre-antonio-augusto-amaral-de-carvalho-fundador-da-jovem-pan-aos-93-anos-672925f43a42e\">Source link <\/a><\/p>","protected":false},"excerpt":{"rendered":"<p>Arquivo\/Jovem Pan Ant\u00f4nio Augusto Amaral de Carvalho, empres\u00e1rio da comunica\u00e7\u00e3o e fundador da Jovem Pan, faleceu nesta segunda-feira (04) aos 93 anos em S\u00e3o Paulo. Dono de uma trajet\u00f3ria impressionante,&hellip;<\/p>","protected":false},"author":1,"featured_media":54842,"comment_status":"closed","ping_status":"open","sticky":false,"template":"","format":"standard","meta":{"content-type":"","footnotes":""},"categories":[16],"tags":[123,2448,5313,1267],"class_list":["post-54841","post","type-post","status-publish","format-standard","has-post-thumbnail","hentry","category-noticias","tag-brasil","tag-diario","tag-noticia","tag-noticias"],"_links":{"self":[{"href":"https:\/\/tvbrazilusa.com\/pt\/wp-json\/wp\/v2\/posts\/54841","targetHints":{"allow":["GET"]}}],"collection":[{"href":"https:\/\/tvbrazilusa.com\/pt\/wp-json\/wp\/v2\/posts"}],"about":[{"href":"https:\/\/tvbrazilusa.com\/pt\/wp-json\/wp\/v2\/types\/post"}],"author":[{"embeddable":true,"href":"https:\/\/tvbrazilusa.com\/pt\/wp-json\/wp\/v2\/users\/1"}],"replies":[{"embeddable":true,"href":"https:\/\/tvbrazilusa.com\/pt\/wp-json\/wp\/v2\/comments?post=54841"}],"version-history":[{"count":1,"href":"https:\/\/tvbrazilusa.com\/pt\/wp-json\/wp\/v2\/posts\/54841\/revisions"}],"predecessor-version":[{"id":54843,"href":"https:\/\/tvbrazilusa.com\/pt\/wp-json\/wp\/v2\/posts\/54841\/revisions\/54843"}],"wp:featuredmedia":[{"embeddable":true,"href":"https:\/\/tvbrazilusa.com\/pt\/wp-json\/wp\/v2\/media\/54842"}],"wp:attachment":[{"href":"https:\/\/tvbrazilusa.com\/pt\/wp-json\/wp\/v2\/media?parent=54841"}],"wp:term":[{"taxonomy":"category","embeddable":true,"href":"https:\/\/tvbrazilusa.com\/pt\/wp-json\/wp\/v2\/categories?post=54841"},{"taxonomy":"post_tag","embeddable":true,"href":"https:\/\/tvbrazilusa.com\/pt\/wp-json\/wp\/v2\/tags?post=54841"}],"curies":[{"name":"wp","href":"https:\/\/api.w.org\/{rel}","templated":true}]}}