{"id":54844,"date":"2024-11-04T23:28:07","date_gmt":"2024-11-04T23:28:07","guid":{"rendered":"https:\/\/tvbrazilusa.com\/2024\/11\/04\/cabeca-decapitada-e-confundida-com-decoracao-de-halloween\/"},"modified":"2024-11-04T23:28:09","modified_gmt":"2024-11-04T23:28:09","slug":"cabeca-decapitada-e-confundida-com-decoracao-de-halloween","status":"publish","type":"post","link":"https:\/\/tvbrazilusa.com\/pt\/2024\/11\/04\/cabeca-decapitada-e-confundida-com-decoracao-de-halloween\/","title":{"rendered":"Cabe\u00e7a decapitada \u00e9 confundida com decora\u00e7\u00e3o de Halloween"},"content":{"rendered":"<p> <script async src=\"https:\/\/pagead2.googlesyndication.com\/pagead\/js\/adsbygoogle.js?client=ca-pub-8864793242727901\"\r\n     crossorigin=\"anonymous\"><\/script><br \/>\n<\/p>\n<div>\n<figure class=\"post-image\">\n<\/figure>\n<p>            <span style=\"font-size: 12px\">Reprodu\u00e7\u00e3o<\/span><\/p>\n<p>            <!-- end metas --><br \/>\n            <!-- ADS --><\/p>\n<div id=\"taboola-read-more\" style=\"display:block; width:100%\">\n<p>Uma cabe\u00e7a decapitada foi confundida com decora\u00e7\u00f5es de Halloween neste \u00faltimo s\u00e1bado (2\/11) em Cowgate, uma das ruas mais movimentadas de Edimburgo, na Esc\u00f3cia. Devido ao caso, autoridades locais precisaram isolar a \u00e1rea, fechar diversos bares e clubes, e interromper eventos que atra\u00edam centenas de pessoas ao centro hist\u00f3rico.\n<\/p>\n<p>\u201cEst\u00e1vamos bebendo quando algu\u00e9m da equipe disse que a pol\u00edcia estava do lado de fora e que uma cabe\u00e7a decapitada havia sido encontrada no Cowgate. Eu quase ri, porque estamos no fim de semana de Halloween e pensei que fosse uma brincadeira\u201d, disse Katie McLaughlin, de 31 anos, ao Daily Record. Ela estava em um bar da regi\u00e3o.<\/p>\n<p>Ap\u00f3s serem informados de que o caso era real, os clientes que estavam no bar foram liberados pela porta dos fundos. A pol\u00edcia informou que se tratava de um incidente de tr\u00e2nsito.\n<\/p>\n<p>Fonte: Metr\u00f3poles              <\/p>\n<\/div>\n<p>                        <!-- Scripts para conteudo --><\/p>\n<p>            <!-- .\/Scripts para conteudo --><br \/>\n            <!-- .\/Mat\u00e9ria --><\/p>\n<div class=\"row mt-3\">\n<div class=\"col-sm-6\">\n                <!-- Whatsapp channel 3--><br \/>\n                <a href=\"https:\/\/chat.whatsapp.com\/J6hwSKYns5B0XFowx2wZ0P\" target=\"_blank\" rel=\"noopener\"><br \/>\n                  <img decoding=\"async\" src=\"https:\/\/diariodobrasilnoticias.com.br\/assets-site\/images\/bot_whatsapp.png\"\/><\/a>\n              <\/div>\n<div class=\"col-sm-6\">\n                <a href=\"https:\/\/t.me\/+_4gTmi5LKo03OTM5\" target=\"_blank\" rel=\"noopener\"><br \/>\n                  <img decoding=\"async\" src=\"https:\/\/diariodobrasilnoticias.com.br\/assets-site\/images\/bot_telegram.png\"\/><\/a>\n              <\/div>\n<\/p><\/div>\n<p>            <!-- end post-navigation --><\/p>\n<p>              <!-- end row --><\/p>\n<p>              <!-- end col-12-->\n                      <\/div>\n<p><br \/>\n<br \/><a href=\"https:\/\/diariodobrasilnoticias.com.br\/noticia\/cabeca-decapitada-e-confundida-com-decoracao-de-halloween-672928aa39018\">Source link <\/a><\/p>","protected":false},"excerpt":{"rendered":"<p>Reprodu\u00e7\u00e3o Uma cabe\u00e7a decapitada foi confundida com decora\u00e7\u00f5es de Halloween neste \u00faltimo s\u00e1bado (2\/11) em Cowgate, uma das ruas mais movimentadas de Edimburgo, na Esc\u00f3cia. Devido ao caso, autoridades locais&hellip;<\/p>","protected":false},"author":1,"featured_media":54845,"comment_status":"closed","ping_status":"open","sticky":false,"template":"","format":"standard","meta":{"content-type":"","footnotes":""},"categories":[16],"tags":[123,2448,5313,1267],"class_list":["post-54844","post","type-post","status-publish","format-standard","has-post-thumbnail","hentry","category-noticias","tag-brasil","tag-diario","tag-noticia","tag-noticias"],"_links":{"self":[{"href":"https:\/\/tvbrazilusa.com\/pt\/wp-json\/wp\/v2\/posts\/54844","targetHints":{"allow":["GET"]}}],"collection":[{"href":"https:\/\/tvbrazilusa.com\/pt\/wp-json\/wp\/v2\/posts"}],"about":[{"href":"https:\/\/tvbrazilusa.com\/pt\/wp-json\/wp\/v2\/types\/post"}],"author":[{"embeddable":true,"href":"https:\/\/tvbrazilusa.com\/pt\/wp-json\/wp\/v2\/users\/1"}],"replies":[{"embeddable":true,"href":"https:\/\/tvbrazilusa.com\/pt\/wp-json\/wp\/v2\/comments?post=54844"}],"version-history":[{"count":1,"href":"https:\/\/tvbrazilusa.com\/pt\/wp-json\/wp\/v2\/posts\/54844\/revisions"}],"predecessor-version":[{"id":54846,"href":"https:\/\/tvbrazilusa.com\/pt\/wp-json\/wp\/v2\/posts\/54844\/revisions\/54846"}],"wp:featuredmedia":[{"embeddable":true,"href":"https:\/\/tvbrazilusa.com\/pt\/wp-json\/wp\/v2\/media\/54845"}],"wp:attachment":[{"href":"https:\/\/tvbrazilusa.com\/pt\/wp-json\/wp\/v2\/media?parent=54844"}],"wp:term":[{"taxonomy":"category","embeddable":true,"href":"https:\/\/tvbrazilusa.com\/pt\/wp-json\/wp\/v2\/categories?post=54844"},{"taxonomy":"post_tag","embeddable":true,"href":"https:\/\/tvbrazilusa.com\/pt\/wp-json\/wp\/v2\/tags?post=54844"}],"curies":[{"name":"wp","href":"https:\/\/api.w.org\/{rel}","templated":true}]}}