{"id":54867,"date":"2024-11-05T00:21:38","date_gmt":"2024-11-05T00:21:38","guid":{"rendered":"https:\/\/tvbrazilusa.com\/2024\/11\/05\/estranho-flavio-dino-publica-resposta-da-ia-do-whatsapp-sobre-limites-da-liberdade-de-expressao-veja\/"},"modified":"2024-11-05T00:21:39","modified_gmt":"2024-11-05T00:21:39","slug":"estranho-flavio-dino-publica-resposta-da-ia-do-whatsapp-sobre-limites-da-liberdade-de-expressao-veja","status":"publish","type":"post","link":"https:\/\/tvbrazilusa.com\/pt\/2024\/11\/05\/estranho-flavio-dino-publica-resposta-da-ia-do-whatsapp-sobre-limites-da-liberdade-de-expressao-veja\/","title":{"rendered":"ESTRANHO: Fl\u00e1vio Dino publica resposta da IA do WhatsApp sobre limites da liberdade de express\u00e3o; Veja"},"content":{"rendered":"<p> <script async src=\"https:\/\/pagead2.googlesyndication.com\/pagead\/js\/adsbygoogle.js?client=ca-pub-8864793242727901\"\r\n     crossorigin=\"anonymous\"><\/script><br \/>\n<\/p>\n<div id=\"taboola-read-more\" style=\"display:block; width:100%\">\n<p>O ministro Fl\u00e1vio Dino, do Supremo Tribunal Federal (STF), publicou em seu perfil no Instagram nesta segunda-feira, 4, um \u201cprint\u201d da resposta da Meta AI, ferramenta de intelig\u00eancia artificial dispon\u00edvel no WhatsApp, para argumentar que o direito \u00e0 liberdade de express\u00e3o n\u00e3o \u00e9 absoluto. Na foto postada pelo ministro, a ferramenta diz que a liberdade de express\u00e3o pode ser limitada para proteger outros direitos e interesses leg\u00edtimos, como em casos de incita\u00e7\u00e3o \u00e0 viol\u00eancia, cal\u00fania e difama\u00e7\u00e3o, propaganda de \u00f3dio, entre outros.\n<\/p>\n<p>Na postagem, Dino lembrou sobre um julgamento da Suprema Corte dos Estados Unidos que decidiu que uma pessoa n\u00e3o pode gritar \u201cfogo\u201d em um teatro lotado, j\u00e1 que a fala poderia criar p\u00e2nico e graves riscos para os presentes. \u201cO debate no Tribunal norte-americano, em 1919, era sobre o suposto car\u00e1ter \u2018absoluto\u2019 da liberdade de express\u00e3o. Mais de um s\u00e9culo depois, a resposta da Intelig\u00eancia Artificial da Meta pode ser uma leitura \u00fatil para quem n\u00e3o quer ou n\u00e3o pode pesquisar mais profundamente\u201d, disse o ministro.\n<\/p>\n<p>Est\u00e1 previsto para o dia 27 deste m\u00eas o julgamento de tr\u00eas a\u00e7\u00f5es que questionam o Marco Civil da Internet e discutem a responsabilidade das plataformas digitais em rela\u00e7\u00e3o a conte\u00fados publicados pelos usu\u00e1rios.\n<\/p>\n<p>Quando o Congresso estava discutindo o projeto de lei das fake news, que prev\u00ea maior responsabiliza\u00e7\u00e3o das redes sociais, a Meta se manifestou dizendo que o texto cria um \u201csistema permanente de vigil\u00e2ncia, similar ao de pa\u00edses de regimes antidemocr\u00e1ticos\u201d.\n<\/p>\n<p>Como a proposta n\u00e3o avan\u00e7ou, o Supremo decidiu julgar o tema. A Meta \u00e9 respons\u00e1vel pelas empresas Instagram, WhatsApp e Facebook.\n<\/p>\n<p>Fonte: Estad\u00e3o              <\/p>\n<\/div>\n<p><br \/>\n<br \/><a href=\"https:\/\/diariodobrasilnoticias.com.br\/noticia\/estranho-flavio-dino-publica-resposta-da-ia-do-whatsapp-sobre-limites-da-liberdade-de-expressao-veja-67292ce4905fc\">Source link <\/a><\/p>","protected":false},"excerpt":{"rendered":"<p>O ministro Fl\u00e1vio Dino, do Supremo Tribunal Federal (STF), publicou em seu perfil no Instagram nesta segunda-feira, 4, um \u201cprint\u201d da resposta da Meta AI, ferramenta de intelig\u00eancia artificial dispon\u00edvel&hellip;<\/p>","protected":false},"author":1,"featured_media":54868,"comment_status":"closed","ping_status":"open","sticky":false,"template":"","format":"standard","meta":{"content-type":"","footnotes":""},"categories":[16],"tags":[123,2448,5313,1267],"class_list":["post-54867","post","type-post","status-publish","format-standard","has-post-thumbnail","hentry","category-noticias","tag-brasil","tag-diario","tag-noticia","tag-noticias"],"_links":{"self":[{"href":"https:\/\/tvbrazilusa.com\/pt\/wp-json\/wp\/v2\/posts\/54867","targetHints":{"allow":["GET"]}}],"collection":[{"href":"https:\/\/tvbrazilusa.com\/pt\/wp-json\/wp\/v2\/posts"}],"about":[{"href":"https:\/\/tvbrazilusa.com\/pt\/wp-json\/wp\/v2\/types\/post"}],"author":[{"embeddable":true,"href":"https:\/\/tvbrazilusa.com\/pt\/wp-json\/wp\/v2\/users\/1"}],"replies":[{"embeddable":true,"href":"https:\/\/tvbrazilusa.com\/pt\/wp-json\/wp\/v2\/comments?post=54867"}],"version-history":[{"count":1,"href":"https:\/\/tvbrazilusa.com\/pt\/wp-json\/wp\/v2\/posts\/54867\/revisions"}],"predecessor-version":[{"id":54869,"href":"https:\/\/tvbrazilusa.com\/pt\/wp-json\/wp\/v2\/posts\/54867\/revisions\/54869"}],"wp:featuredmedia":[{"embeddable":true,"href":"https:\/\/tvbrazilusa.com\/pt\/wp-json\/wp\/v2\/media\/54868"}],"wp:attachment":[{"href":"https:\/\/tvbrazilusa.com\/pt\/wp-json\/wp\/v2\/media?parent=54867"}],"wp:term":[{"taxonomy":"category","embeddable":true,"href":"https:\/\/tvbrazilusa.com\/pt\/wp-json\/wp\/v2\/categories?post=54867"},{"taxonomy":"post_tag","embeddable":true,"href":"https:\/\/tvbrazilusa.com\/pt\/wp-json\/wp\/v2\/tags?post=54867"}],"curies":[{"name":"wp","href":"https:\/\/api.w.org\/{rel}","templated":true}]}}