{"id":54870,"date":"2024-11-05T00:35:25","date_gmt":"2024-11-05T00:35:25","guid":{"rendered":"https:\/\/tvbrazilusa.com\/2024\/11\/05\/juventude-tem-se-tornado-evangelica-e-se-firmado-em-valores-de-fe-e-familia\/"},"modified":"2024-11-05T00:35:26","modified_gmt":"2024-11-05T00:35:26","slug":"juventude-tem-se-tornado-evangelica-e-se-firmado-em-valores-de-fe-e-familia","status":"publish","type":"post","link":"https:\/\/tvbrazilusa.com\/pt\/2024\/11\/05\/juventude-tem-se-tornado-evangelica-e-se-firmado-em-valores-de-fe-e-familia\/","title":{"rendered":"Juventude t\u00eam se tornado evang\u00e9lica e se firmado em valores de f\u00e9 e fam\u00edlia"},"content":{"rendered":"<p> <script async src=\"https:\/\/pagead2.googlesyndication.com\/pagead\/js\/adsbygoogle.js?client=ca-pub-8864793242727901\"\r\n     crossorigin=\"anonymous\"><\/script><br \/>\n<\/p>\n<div id=\"taboola-read-more\" style=\"display:block; width:100%\">\n<p>O Brasil tem testemunhado um fen\u00f4meno que vai al\u00e9m das fronteiras religiosas e assume contornos sociais e pol\u00edticos: o \u2018tsunami\u2019 da popula\u00e7\u00e3o evang\u00e9lica no pa\u00eds, especialmente entre os jovens, que v\u00eam se tornando adeptos de uma vis\u00e3o conservadora, orientada pelos valores de f\u00e9 e fam\u00edlia.<\/p>\n<p>Dados do IBGE (Instituto Brasileiro de Geografia e Estat\u00edstica) mostram que os evang\u00e9licos j\u00e1 representam cerca de um ter\u00e7o da popula\u00e7\u00e3o brasileira, com uma ades\u00e3o que vem de forma intensa entre a juventude, impulsionando um movimento que se alinha \u00e0 guinada global \u00e0 direita.<\/p>\n<p>A disparada no Brasil acompanha uma tend\u00eancia vista em diversas partes do mundo, onde os jovens conservadores est\u00e3o em ascens\u00e3o. Em muitos pa\u00edses, eles t\u00eam manifestado uma revaloriza\u00e7\u00e3o dos princ\u00edpios tradicionais, como o fortalecimento da fam\u00edlia, a defesa da liberdade individual e a busca por uma sociedade onde ordem e responsabilidade sejam pontos centrais.<\/p>\n<p>O perfil jovem-conservador, comum em pa\u00edses da Am\u00e9rica Latina, Estados Unidos e partes da Europa, ecoa tamb\u00e9m no Brasil, onde a for\u00e7a do movimento evang\u00e9lico fortalece o discurso conservador e influencia diretamente a pol\u00edtica. A ades\u00e3o aos valores crist\u00e3os, com sua \u00eanfase em vida conjugal, filhos, comunidade e espiritualidade, \u00e9 um dos fatores que t\u00eam atra\u00eddo esses jovens.<\/p>\n<p>No Brasil, sobretudo, essa nova gera\u00e7\u00e3o conservadora v\u00ea na f\u00e9 evang\u00e9lica uma maneira de construir identidade e sentido de exist\u00eancia, na contram\u00e3o de uma sociedade onde as transforma\u00e7\u00f5es culturais e comportamentais divergem.<\/p>\n<p>O Conex\u00e3o Pol\u00edtica ouviu alguns desses jovens. A pol\u00edtica de direita, para muitos deles, com sua promessa de seguran\u00e7a, liberdade econ\u00f4mica e defesa de princ\u00edpios tradicionais, flerta com a extens\u00e3o natural da f\u00e9 crist\u00e3.<\/p>\n<p>Antes, o que era visto como uma \u2018onda\u2019, j\u00e1 \u00e9 encarado como um \u2018tsunami\u2019 sem precedentes. Seja nos templos, nas redes sociais ou nas urnas, esses jovens est\u00e3o moldando o cen\u00e1rio pol\u00edtico, cultural e econ\u00f4mico do pa\u00eds. Estimativas do dem\u00f3grafo Jos\u00e9 Eust\u00e1quio Alves, professor aposentado da Escola Nacional de Ci\u00eancias Estat\u00edsticas do IBGE, apontam que, se a curva se mantiver, o Brasil deve se tornar um pa\u00eds de maioria evang\u00e9lica at\u00e9 2032.\n<\/p>\n<p>Fonte: @conexaopoliticabrasil\/Instagram<\/p>\n<\/p><\/div>\n<p><br \/>\n<br \/><a href=\"https:\/\/diariodobrasilnoticias.com.br\/noticia\/juventude-tem-se-tornado-evangelica-e-se-firmado-em-valores-de-fe-e-familia-6729455a2ed3f\">Source link <\/a><\/p>","protected":false},"excerpt":{"rendered":"<p>O Brasil tem testemunhado um fen\u00f4meno que vai al\u00e9m das fronteiras religiosas e assume contornos sociais e pol\u00edticos: o \u2018tsunami\u2019 da popula\u00e7\u00e3o evang\u00e9lica no pa\u00eds, especialmente entre os jovens, que&hellip;<\/p>","protected":false},"author":1,"featured_media":54871,"comment_status":"closed","ping_status":"open","sticky":false,"template":"","format":"standard","meta":{"content-type":"","footnotes":""},"categories":[16],"tags":[123,2448,5313,1267],"class_list":["post-54870","post","type-post","status-publish","format-standard","has-post-thumbnail","hentry","category-noticias","tag-brasil","tag-diario","tag-noticia","tag-noticias"],"_links":{"self":[{"href":"https:\/\/tvbrazilusa.com\/pt\/wp-json\/wp\/v2\/posts\/54870","targetHints":{"allow":["GET"]}}],"collection":[{"href":"https:\/\/tvbrazilusa.com\/pt\/wp-json\/wp\/v2\/posts"}],"about":[{"href":"https:\/\/tvbrazilusa.com\/pt\/wp-json\/wp\/v2\/types\/post"}],"author":[{"embeddable":true,"href":"https:\/\/tvbrazilusa.com\/pt\/wp-json\/wp\/v2\/users\/1"}],"replies":[{"embeddable":true,"href":"https:\/\/tvbrazilusa.com\/pt\/wp-json\/wp\/v2\/comments?post=54870"}],"version-history":[{"count":1,"href":"https:\/\/tvbrazilusa.com\/pt\/wp-json\/wp\/v2\/posts\/54870\/revisions"}],"predecessor-version":[{"id":54872,"href":"https:\/\/tvbrazilusa.com\/pt\/wp-json\/wp\/v2\/posts\/54870\/revisions\/54872"}],"wp:featuredmedia":[{"embeddable":true,"href":"https:\/\/tvbrazilusa.com\/pt\/wp-json\/wp\/v2\/media\/54871"}],"wp:attachment":[{"href":"https:\/\/tvbrazilusa.com\/pt\/wp-json\/wp\/v2\/media?parent=54870"}],"wp:term":[{"taxonomy":"category","embeddable":true,"href":"https:\/\/tvbrazilusa.com\/pt\/wp-json\/wp\/v2\/categories?post=54870"},{"taxonomy":"post_tag","embeddable":true,"href":"https:\/\/tvbrazilusa.com\/pt\/wp-json\/wp\/v2\/tags?post=54870"}],"curies":[{"name":"wp","href":"https:\/\/api.w.org\/{rel}","templated":true}]}}