{"id":54879,"date":"2024-11-05T01:00:34","date_gmt":"2024-11-05T01:00:34","guid":{"rendered":"https:\/\/tvbrazilusa.com\/2024\/11\/05\/ramagem-na-mira-da-pf-novamente\/"},"modified":"2024-11-05T01:00:35","modified_gmt":"2024-11-05T01:00:35","slug":"ramagem-na-mira-da-pf-novamente","status":"publish","type":"post","link":"https:\/\/tvbrazilusa.com\/pt\/2024\/11\/05\/ramagem-na-mira-da-pf-novamente\/","title":{"rendered":"Ramagem na mira da PF novamente"},"content":{"rendered":"<p> <script async src=\"https:\/\/pagead2.googlesyndication.com\/pagead\/js\/adsbygoogle.js?client=ca-pub-8864793242727901\"\r\n     crossorigin=\"anonymous\"><\/script><br \/>\n<\/p>\n<div id=\"taboola-read-more\" style=\"display:block; width:100%\">\n<p>O deputado federal Alexandre Ramagem (PL-RJ) foi intimado pela Pol\u00edcia Federal para prestar depoimento nesta ter\u00e7a-feira,04. A PF quer ouvir Ramagem no \u00e2mbito do inqu\u00e9rito que investiga suposta associa\u00e7\u00e3o com o ex-presidente Jair Bolsonaro para impedir a posse do presidente Lula e instaurar um golpe de Estado.\n<\/p>\n<p>O depoimento de Ramagem faz parte da fase final do inqu\u00e9rito, oferecendo a chance para os envolvidos apresentarem suas vers\u00f5es e defesas. Dados sobre o uso da Ag\u00eancia Brasileira de Intelig\u00eancia (Abin) para monitoramento de autoridades foram anexados a essa investiga\u00e7\u00e3o. Ramagem chefiava a Abin durante o governo de Jair Bolsonaro e tamb\u00e9m \u00e9 investigado por suposta espionagem a pol\u00edticos.<\/p>\n<p>Na quarta-feira,6, investigadores devem ouvir um general e alguns coron\u00e9is que ainda n\u00e3o prestaram depoimento. Esses novos interrogat\u00f3rios foram agendados pela Pol\u00edcia Federal com base em provas que sugerem uma poss\u00edvel liga\u00e7\u00e3o entre o uso da Abin e a suposta tentativa de golpe de Estado. Duas investiga\u00e7\u00f5es seguem, paralelamente, sobre os casos, ambas tendo Ramagem como figura de relev\u00e2ncia no cen\u00e1rio.\n<\/p>\n<p>A expectativa \u00e9 que a PF encerre o inqu\u00e9rito ainda este m\u00eas.\n<\/p>\n<p><strong>Quem \u00e9 Ramagem<\/strong><br \/>O deputado disputou a prefeitura do Rio de Janeiro, mas n\u00e3o conseguiu vencer a elei\u00e7\u00e3o, que terminou com Eduardo Paes (PSD) reeleito para o cargo.\n<\/p>\n<p>Desde que se tornou alvo da Pol\u00edcia Federal, o deputado Alexandre Ramagem cumpre atua\u00e7\u00e3o discreta na C\u00e2mara e evita declara\u00e7\u00f5es \u00e0 imprensa. Procurada por O Antagonista, a assessoria do parlamentar afirmou que n\u00e3o vai enviar nota ou se manifestar sobre as investiga\u00e7\u00f5es.\n<\/p>\n<p>Ramagem atuou como delegado da Pol\u00edcia Federal (PF) e foi indicado pelo ent\u00e3o presidente Jair Bolsonaro (PL) para chefiar a institui\u00e7\u00e3o, mas sua posse foi impedida por ordem do ministro Alexandre de Moraes. Em 2022, ele foi eleito deputado federal pelo Rio de Janeiro.\n<\/p>\n<p>Ele ingressou na PF como delegado em 2005 e assumiu a responsabilidade pela seguran\u00e7a de Jair Bolsonaro durante a campanha de 2018, ap\u00f3s o atentado a faca em Juiz de Fora (MG). Desde ent\u00e3o, estabeleceu uma amizade pr\u00f3xima com a fam\u00edlia do presidente. Sua gest\u00e3o \u00e0 frente da Abin ocorreu de julho de 2019 at\u00e9 mar\u00e7o de 2022.\n<\/p>\n<p>Fonte: O Antagonista              <\/p>\n<\/div>\n<p><br \/>\n<br \/><a href=\"https:\/\/diariodobrasilnoticias.com.br\/noticia\/ramagem-na-mira-da-pf-novamente-672927626e860\">Source link <\/a><\/p>","protected":false},"excerpt":{"rendered":"<p>O deputado federal Alexandre Ramagem (PL-RJ) foi intimado pela Pol\u00edcia Federal para prestar depoimento nesta ter\u00e7a-feira,04. A PF quer ouvir Ramagem no \u00e2mbito do inqu\u00e9rito que investiga suposta associa\u00e7\u00e3o com&hellip;<\/p>","protected":false},"author":1,"featured_media":54880,"comment_status":"closed","ping_status":"open","sticky":false,"template":"","format":"standard","meta":{"content-type":"","footnotes":""},"categories":[16],"tags":[123,2448,5313,1267],"class_list":["post-54879","post","type-post","status-publish","format-standard","has-post-thumbnail","hentry","category-noticias","tag-brasil","tag-diario","tag-noticia","tag-noticias"],"_links":{"self":[{"href":"https:\/\/tvbrazilusa.com\/pt\/wp-json\/wp\/v2\/posts\/54879","targetHints":{"allow":["GET"]}}],"collection":[{"href":"https:\/\/tvbrazilusa.com\/pt\/wp-json\/wp\/v2\/posts"}],"about":[{"href":"https:\/\/tvbrazilusa.com\/pt\/wp-json\/wp\/v2\/types\/post"}],"author":[{"embeddable":true,"href":"https:\/\/tvbrazilusa.com\/pt\/wp-json\/wp\/v2\/users\/1"}],"replies":[{"embeddable":true,"href":"https:\/\/tvbrazilusa.com\/pt\/wp-json\/wp\/v2\/comments?post=54879"}],"version-history":[{"count":1,"href":"https:\/\/tvbrazilusa.com\/pt\/wp-json\/wp\/v2\/posts\/54879\/revisions"}],"predecessor-version":[{"id":54881,"href":"https:\/\/tvbrazilusa.com\/pt\/wp-json\/wp\/v2\/posts\/54879\/revisions\/54881"}],"wp:featuredmedia":[{"embeddable":true,"href":"https:\/\/tvbrazilusa.com\/pt\/wp-json\/wp\/v2\/media\/54880"}],"wp:attachment":[{"href":"https:\/\/tvbrazilusa.com\/pt\/wp-json\/wp\/v2\/media?parent=54879"}],"wp:term":[{"taxonomy":"category","embeddable":true,"href":"https:\/\/tvbrazilusa.com\/pt\/wp-json\/wp\/v2\/categories?post=54879"},{"taxonomy":"post_tag","embeddable":true,"href":"https:\/\/tvbrazilusa.com\/pt\/wp-json\/wp\/v2\/tags?post=54879"}],"curies":[{"name":"wp","href":"https:\/\/api.w.org\/{rel}","templated":true}]}}