{"id":54888,"date":"2024-11-05T01:44:02","date_gmt":"2024-11-05T01:44:02","guid":{"rendered":"https:\/\/tvbrazilusa.com\/2024\/11\/05\/idoso-e-atropelado-por-trem-e-assusta-testemunhas-veja-video\/"},"modified":"2024-11-05T01:44:04","modified_gmt":"2024-11-05T01:44:04","slug":"idoso-e-atropelado-por-trem-e-assusta-testemunhas-veja-video","status":"publish","type":"post","link":"https:\/\/tvbrazilusa.com\/pt\/2024\/11\/05\/idoso-e-atropelado-por-trem-e-assusta-testemunhas-veja-video\/","title":{"rendered":"Idoso \u00e9 atropelado por trem e assusta testemunhas; VEJA V\u00cdDEO"},"content":{"rendered":"<p> <script async src=\"https:\/\/pagead2.googlesyndication.com\/pagead\/js\/adsbygoogle.js?client=ca-pub-8864793242727901\"\r\n     crossorigin=\"anonymous\"><\/script><br \/>\n<\/p>\n<div>\n<figure class=\"post-image\">\n<\/figure>\n<p>            <span style=\"font-size: 12px\">Reprodu\u00e7\u00e3o\/Redes Sociais<\/span><\/p>\n<p>            <!-- end metas --><br \/>\n            <!-- ADS --><\/p>\n<div id=\"taboola-read-more\" style=\"display:block; width:100%\">\n<p>Um homem de 64 anos ficou gravemente ferido ap\u00f3s ser atropelado por um trem no bairro Vila dos Pescadores , em Cubat\u00e3o (SP).\n<\/p>\n<p>O acidente, registrado por uma c\u00e2mera de seguran\u00e7a de um com\u00e9rcio local, ocorreu na tarde do \u00faltimo s\u00e1bado (2). No v\u00eddeo, o idoso aparece levantando a m\u00e3o antes de atravessar a linha f\u00e9rrea, mas o trem n\u00e3o conseguiu frear a tempo de evitar a colis\u00e3o.<\/p>\n<p>Pessoas que estavam no local se assustaram com o impacto e levaram as m\u00e3os \u00e0 cabe\u00e7a ao ver o ocorrido. Segundo a Secretaria de Seguran\u00e7a P\u00fablica de S\u00e3o Paulo (SSP-SP) , as testemunhas relataram que a v\u00edtima foi alertada a n\u00e3o ultrapassar a cancela, pois o trem estava se aproximando, mas o homem decidiu atravessar e acabou sendo atingido.\n<\/p>\n<p>A Prefeitura de Cubat\u00e3o informou que a equipe do Servi\u00e7o de Atendimento M\u00f3vel de Urg\u00eancia (Samu) prestou os primeiros socorros ao idoso, que apresentava m\u00faltiplas fraturas na cabe\u00e7a e em outras partes do corpo. Ap\u00f3s ser estabilizado no Pronto-Socorro Central, ele foi transferido na madrugada de domingo (3) para o Hospital Santo Amaro (HSA), no Guaruj\u00e1, onde permanece internado na Unidade de Terapia Intensiva (UTI).\n<\/p>\n<p>Em nota, a assessoria do HSA confirmou que o paciente est\u00e1 em estado grav\u00edssimo. O caso foi registrado como atropelamento na Delegacia de Cubat\u00e3o, e as autoridades investigam as circunst\u00e2ncias do acidente.\n<\/p>\n<p><strong>VEJA V\u00cdDEO:<\/strong>\n<\/p>\n<p>Fonte: IG              <\/p>\n<\/div>\n<p>                        <!-- Scripts para conteudo --><\/p>\n<p>            <!-- .\/Scripts para conteudo --><br \/>\n            <!-- .\/Mat\u00e9ria --><\/p>\n<div class=\"row mt-3\">\n<div class=\"col-sm-6\">\n                <!-- Whatsapp channel 3--><br \/>\n                <a href=\"https:\/\/chat.whatsapp.com\/J6hwSKYns5B0XFowx2wZ0P\" target=\"_blank\" rel=\"noopener\"><br \/>\n                  <img decoding=\"async\" src=\"https:\/\/diariodobrasilnoticias.com.br\/assets-site\/images\/bot_whatsapp.png\"\/><\/a>\n              <\/div>\n<div class=\"col-sm-6\">\n                <a href=\"https:\/\/t.me\/+_4gTmi5LKo03OTM5\" target=\"_blank\" rel=\"noopener\"><br \/>\n                  <img decoding=\"async\" src=\"https:\/\/diariodobrasilnoticias.com.br\/assets-site\/images\/bot_telegram.png\"\/><\/a>\n              <\/div>\n<\/p><\/div>\n<p>            <!-- end post-navigation --><\/p>\n<p>              <!-- end row --><\/p>\n<p>              <!-- end col-12-->\n                      <\/div>\n<p><br \/>\n<br \/><a href=\"https:\/\/diariodobrasilnoticias.com.br\/noticia\/idoso-e-atropelado-por-trem-e-assusta-testemunhas-veja-video-67294eb4757f7\">Source link <\/a><\/p>","protected":false},"excerpt":{"rendered":"<p>Reprodu\u00e7\u00e3o\/Redes Sociais Um homem de 64 anos ficou gravemente ferido ap\u00f3s ser atropelado por um trem no bairro Vila dos Pescadores , em Cubat\u00e3o (SP). O acidente, registrado por uma&hellip;<\/p>","protected":false},"author":1,"featured_media":54889,"comment_status":"closed","ping_status":"open","sticky":false,"template":"","format":"standard","meta":{"content-type":"","footnotes":""},"categories":[16],"tags":[123,2448,5313,1267],"class_list":["post-54888","post","type-post","status-publish","format-standard","has-post-thumbnail","hentry","category-noticias","tag-brasil","tag-diario","tag-noticia","tag-noticias"],"_links":{"self":[{"href":"https:\/\/tvbrazilusa.com\/pt\/wp-json\/wp\/v2\/posts\/54888","targetHints":{"allow":["GET"]}}],"collection":[{"href":"https:\/\/tvbrazilusa.com\/pt\/wp-json\/wp\/v2\/posts"}],"about":[{"href":"https:\/\/tvbrazilusa.com\/pt\/wp-json\/wp\/v2\/types\/post"}],"author":[{"embeddable":true,"href":"https:\/\/tvbrazilusa.com\/pt\/wp-json\/wp\/v2\/users\/1"}],"replies":[{"embeddable":true,"href":"https:\/\/tvbrazilusa.com\/pt\/wp-json\/wp\/v2\/comments?post=54888"}],"version-history":[{"count":1,"href":"https:\/\/tvbrazilusa.com\/pt\/wp-json\/wp\/v2\/posts\/54888\/revisions"}],"predecessor-version":[{"id":54890,"href":"https:\/\/tvbrazilusa.com\/pt\/wp-json\/wp\/v2\/posts\/54888\/revisions\/54890"}],"wp:featuredmedia":[{"embeddable":true,"href":"https:\/\/tvbrazilusa.com\/pt\/wp-json\/wp\/v2\/media\/54889"}],"wp:attachment":[{"href":"https:\/\/tvbrazilusa.com\/pt\/wp-json\/wp\/v2\/media?parent=54888"}],"wp:term":[{"taxonomy":"category","embeddable":true,"href":"https:\/\/tvbrazilusa.com\/pt\/wp-json\/wp\/v2\/categories?post=54888"},{"taxonomy":"post_tag","embeddable":true,"href":"https:\/\/tvbrazilusa.com\/pt\/wp-json\/wp\/v2\/tags?post=54888"}],"curies":[{"name":"wp","href":"https:\/\/api.w.org\/{rel}","templated":true}]}}