{"id":54891,"date":"2024-11-05T01:56:47","date_gmt":"2024-11-05T01:56:47","guid":{"rendered":"https:\/\/tvbrazilusa.com\/2024\/11\/05\/moraes-intima-pf-apos-pgr-cobrar-acesso-a-laudos-do-caso-marielle\/"},"modified":"2024-11-05T01:56:49","modified_gmt":"2024-11-05T01:56:49","slug":"moraes-intima-pf-apos-pgr-cobrar-acesso-a-laudos-do-caso-marielle","status":"publish","type":"post","link":"https:\/\/tvbrazilusa.com\/pt\/2024\/11\/05\/moraes-intima-pf-apos-pgr-cobrar-acesso-a-laudos-do-caso-marielle\/","title":{"rendered":"Moraes intima PF ap\u00f3s PGR cobrar acesso a laudos do Caso Marielle"},"content":{"rendered":"<p> <script async src=\"https:\/\/pagead2.googlesyndication.com\/pagead\/js\/adsbygoogle.js?client=ca-pub-8864793242727901\"\r\n     crossorigin=\"anonymous\"><\/script><br \/>\n<\/p>\n<div>\n<figure class=\"post-image\">\n<\/figure>\n<p>            <span style=\"font-size: 12px\">Divulga\u00e7\u00e3o<\/span><\/p>\n<p>            <!-- end metas --><br \/>\n            <!-- ADS --><\/p>\n<div id=\"taboola-read-more\" style=\"display:block; width:100%\">\n<p>O ministro Alexandre de Moraes, do Supremo Tribunal Federal (STF), determinou que a Pol\u00edcia Federal (PF) compartilhe todos os relat\u00f3rios e laudos periciais realizados ao longo da investiga\u00e7\u00e3o sobre o assassinato da vereadora Marielle Franco (PSOL).\n<\/p>\n<p>A decis\u00e3o atende a pedido da Procuradoria-Geral da Rep\u00fablica (PGR), que apontou para alguns documentos \u201cfaltantes\u201d sobre as an\u00e1lises dos materiais apreendidos nas opera\u00e7\u00f5es de busca e apreens\u00e3o.<\/p>\n<p>A PGR quer examinar a integralidade desses laudos antes de elaborar suas alega\u00e7\u00f5es finais na a\u00e7\u00e3o penal aberta contra os supostos mandantes do crime.\n<\/p>\n<p>Os prazos devem empurrar para in\u00edcio de 2025 o julgamento do deputado Chiquinho Braz\u00e3o (sem partido-RJ) e do seu irm\u00e3o, Domingos Braz\u00e3o, conselheiro do Tribunal de Contas do Estado do Rio de Janeiro (TCE-RJ).\n<\/p>\n<p>Tamb\u00e9m s\u00e3o r\u00e9us na a\u00e7\u00e3o penal o delegado da Pol\u00edcia Civil Rivaldo Barbosa, o major Ronald Paulo Pereira e o policial militar Robson Calixto Fonseca.\n<\/p>\n<p>Na semana passada, os executores do homic\u00eddio \u2013 Ronnie Lessa e \u00c9lcio de Queiroz \u2013 foram condenados pelo Tribunal do J\u00fari do Rio. Agora, as aten\u00e7\u00f5es do Judici\u00e1rio se voltam para o julgamento dos mandantes, que ser\u00e1 no STF devido ao foro especial do parlamentar.\n<\/p>\n<p>Fonte: CNN Brasil              <\/p>\n<\/div>\n<p>                        <!-- Scripts para conteudo --><\/p>\n<p>            <!-- .\/Scripts para conteudo --><br \/>\n            <!-- .\/Mat\u00e9ria --><\/p>\n<div class=\"row mt-3\">\n<div class=\"col-sm-6\">\n                <!-- Whatsapp channel 3--><br \/>\n                <a href=\"https:\/\/chat.whatsapp.com\/J6hwSKYns5B0XFowx2wZ0P\" target=\"_blank\" rel=\"noopener\"><br \/>\n                  <img decoding=\"async\" src=\"https:\/\/diariodobrasilnoticias.com.br\/assets-site\/images\/bot_whatsapp.png\"\/><\/a>\n              <\/div>\n<div class=\"col-sm-6\">\n                <a href=\"https:\/\/t.me\/+_4gTmi5LKo03OTM5\" target=\"_blank\" rel=\"noopener\"><br \/>\n                  <img decoding=\"async\" src=\"https:\/\/diariodobrasilnoticias.com.br\/assets-site\/images\/bot_telegram.png\"\/><\/a>\n              <\/div>\n<\/p><\/div>\n<p>            <!-- end post-navigation --><\/p>\n<p>              <!-- end row --><\/p>\n<p>              <!-- end col-12-->\n                      <\/div>\n<p><br \/>\n<br \/><a href=\"https:\/\/diariodobrasilnoticias.com.br\/noticia\/moraes-intima-pf-apos-pgr-cobrar-acesso-a-laudos-do-caso-marielle-672950f39d7f6\">Source link <\/a><\/p>","protected":false},"excerpt":{"rendered":"<p>Divulga\u00e7\u00e3o O ministro Alexandre de Moraes, do Supremo Tribunal Federal (STF), determinou que a Pol\u00edcia Federal (PF) compartilhe todos os relat\u00f3rios e laudos periciais realizados ao longo da investiga\u00e7\u00e3o sobre&hellip;<\/p>","protected":false},"author":1,"featured_media":54892,"comment_status":"closed","ping_status":"open","sticky":false,"template":"","format":"standard","meta":{"content-type":"","footnotes":""},"categories":[16],"tags":[123,2448,5313,1267],"class_list":["post-54891","post","type-post","status-publish","format-standard","has-post-thumbnail","hentry","category-noticias","tag-brasil","tag-diario","tag-noticia","tag-noticias"],"_links":{"self":[{"href":"https:\/\/tvbrazilusa.com\/pt\/wp-json\/wp\/v2\/posts\/54891","targetHints":{"allow":["GET"]}}],"collection":[{"href":"https:\/\/tvbrazilusa.com\/pt\/wp-json\/wp\/v2\/posts"}],"about":[{"href":"https:\/\/tvbrazilusa.com\/pt\/wp-json\/wp\/v2\/types\/post"}],"author":[{"embeddable":true,"href":"https:\/\/tvbrazilusa.com\/pt\/wp-json\/wp\/v2\/users\/1"}],"replies":[{"embeddable":true,"href":"https:\/\/tvbrazilusa.com\/pt\/wp-json\/wp\/v2\/comments?post=54891"}],"version-history":[{"count":1,"href":"https:\/\/tvbrazilusa.com\/pt\/wp-json\/wp\/v2\/posts\/54891\/revisions"}],"predecessor-version":[{"id":54893,"href":"https:\/\/tvbrazilusa.com\/pt\/wp-json\/wp\/v2\/posts\/54891\/revisions\/54893"}],"wp:featuredmedia":[{"embeddable":true,"href":"https:\/\/tvbrazilusa.com\/pt\/wp-json\/wp\/v2\/media\/54892"}],"wp:attachment":[{"href":"https:\/\/tvbrazilusa.com\/pt\/wp-json\/wp\/v2\/media?parent=54891"}],"wp:term":[{"taxonomy":"category","embeddable":true,"href":"https:\/\/tvbrazilusa.com\/pt\/wp-json\/wp\/v2\/categories?post=54891"},{"taxonomy":"post_tag","embeddable":true,"href":"https:\/\/tvbrazilusa.com\/pt\/wp-json\/wp\/v2\/tags?post=54891"}],"curies":[{"name":"wp","href":"https:\/\/api.w.org\/{rel}","templated":true}]}}