{"id":54897,"date":"2024-11-05T02:25:51","date_gmt":"2024-11-05T02:25:51","guid":{"rendered":"https:\/\/tvbrazilusa.com\/2024\/11\/05\/braco-direito-de-bolsonaro-defende-repetir-formula-de-sucesso-de-nunes-para-vitoria-em-2026\/"},"modified":"2024-11-05T02:25:52","modified_gmt":"2024-11-05T02:25:52","slug":"braco-direito-de-bolsonaro-defende-repetir-formula-de-sucesso-de-nunes-para-vitoria-em-2026","status":"publish","type":"post","link":"https:\/\/tvbrazilusa.com\/pt\/2024\/11\/05\/braco-direito-de-bolsonaro-defende-repetir-formula-de-sucesso-de-nunes-para-vitoria-em-2026\/","title":{"rendered":"Bra\u00e7o-direito de Bolsonaro defende repetir \u2018f\u00f3rmula de sucesso\u2019 de Nunes para vit\u00f3ria em 2026"},"content":{"rendered":"<p> <script async src=\"https:\/\/pagead2.googlesyndication.com\/pagead\/js\/adsbygoogle.js?client=ca-pub-8864793242727901\"\r\n     crossorigin=\"anonymous\"><\/script><br \/>\n<\/p>\n<div id=\"taboola-read-more\" style=\"display:block; width:100%\">\n<p>Um dos primeiros aliados do ex-presidente Jair Bolsonaro (PL) a defender que o bolsonarismo n\u00e3o lan\u00e7asse candidato pr\u00f3prio em S\u00e3o Paulo, Fabio Wajngarten defende o pragmatismo na elei\u00e7\u00e3o de 2026 e diz que a coliga\u00e7\u00e3o que resultou na reelei\u00e7\u00e3o do prefeito Ricardo Nunes (MDB) foi uma \u201cf\u00f3rmula de sucesso\u201d que precisa ser repetida.\n<\/p>\n<p>Ex-secret\u00e1rio de Comunica\u00e7\u00e3o da Presid\u00eancia no governo Bolsonaro e hoje assessor do ex-presidente, Wajngarten v\u00ea Bolsonaro mais \u201cmaduro\u201d ap\u00f3s dois anos longe do Pal\u00e1cio do Planalto e deixa um recado \u00e0queles que se apresentam como alternativa ao ex-presidente, atualmente ineleg\u00edvel: \u201cN\u00e3o se pode queimar a largada porque o concorrente \u00e9 desclassificado\u201d.<\/p>\n<p>O sr. foi um dos primeiros bolsonaristas a defender a ades\u00e3o \u00e0 candidatura de Ricardo Nunes. Esse pragmatismo deve se repetir em 2026?<br \/>Estou sempre trabalhando para que as for\u00e7as de direita e de centro-direita caminhem juntas para derrotar a proposta de esquerda no Pa\u00eds. Mas 2026 ainda est\u00e1 longe, e \u00e9 preciso ver se conseguiremos repetir a alian\u00e7a que resultou na reelei\u00e7\u00e3o do prefeito Ricardo Nunes. Foi uma f\u00f3rmula de sucesso que deu resultado e, portanto, precisa ser muito bem avaliada e repetida.\n<\/p>\n<p>Qual partido deve ser prioridade para o bolsonarismo atrair em 2026?<br \/>Todas as legendas do espectro partid\u00e1rio de direita e centro-direita que forem capazes de gerar resultados positivos \u2014 votos \u2014 para a direita s\u00e3o bem-vindas. Feio \u00e9 perder elei\u00e7\u00e3o. Em 2026, n\u00e3o podemos perder a elei\u00e7\u00e3o presidencial, nem as disputas pelos governos estaduais e pelo Congresso Nacional. O Brasil n\u00e3o pode continuar sob o comando de for\u00e7as de esquerda, retr\u00f3gradas, antidemocr\u00e1ticas e inconsequentes.\n<\/p>\n<p>A quest\u00e3o do PSD \u00e9 o projeto no qual ele est\u00e1 se engajando em n\u00edvel nacional. O partido ocupa tr\u00eas minist\u00e9rios no governo Lula, de forma ativa e atuante. Isso \u00e9 muito diferente da postura de outros partidos de centro, que votam em alguns projetos importantes para o Pa\u00eds, mas n\u00e3o participam da gest\u00e3o petista nem a defendem publicamente, como faz o PSD. Mas at\u00e9 2026 muita coisa pode acontecer.\n<\/p>\n<p>Tarc\u00edsio erra ao mant\u00ea-lo como um homem poderoso do governo?<br \/>A op\u00e7\u00e3o de alian\u00e7a partid\u00e1ria e, mais ainda, da composi\u00e7\u00e3o do governo, \u00e9 prerrogativa exclusiva do governador Tarc\u00edsio. Ele \u00e9 o dono da caneta, conquistada nas urnas com o incentivo e apoio do presidente Bolsonaro. N\u00e3o me cabe fazer qualquer coment\u00e1rio sobre isso.\n<\/p>\n<p>Em primeiro lugar, entendo que o PL foi um dos partidos mais vitoriosos nas elei\u00e7\u00f5es municipais. O partido elegeu 517 prefeitos \u2014 166 a mais do que em 2020 \u2014 e 4.961 vereadores. Foi o maior vencedor em grandes cidades com mais de 200 mil eleitores, saltando de duas vit\u00f3rias em 2020 para 16 em 2024. Ganhou a elei\u00e7\u00e3o em quatro capitais: a reelei\u00e7\u00e3o de JHC em Macei\u00f3, Ti\u00e3o Bocalom em Rio Branco, al\u00e9m de Ab\u00edlio Brunini, em Cuiab\u00e1, e Em\u00edlia Corr\u00eaa, em Aracaju. E n\u00e3o s\u00f3 isso. O PL foi o partido com mais votos para prefeito em 2024, somando 19,9 milh\u00f5es de votos no primeiro e segundo turnos. E tudo isso enfrentando uma dificuldade que nenhum outro partido teve: o impedimento judicial que proibiu o presidente de honra do partido, o presidente Bolsonaro, de falar com o comandante do partido, Valdemar Costa Neto. Tenho certeza de que, sem essa restri\u00e7\u00e3o legal, o partido teria chegado a mil prefeitos.\n<\/p>\n<p>O que a direita, em especial o bolsonarismo, precisa fazer de diferente em 2026?<br \/>Continuar trabalhando junto \u00e0 popula\u00e7\u00e3o, levando a proposta conservadora na economia e nos costumes, reafirmar a lideran\u00e7a inconteste do presidente Bolsonaro e se preparar para 2026. \u00c9 importante registrar que o movimento vem amadurecendo e aprendendo, e o resultado disso \u00e9 que, a cada elei\u00e7\u00e3o, avan\u00e7amos mais. Fizemos mais alian\u00e7as, estabelecemos novos di\u00e1logos partid\u00e1rios e ampliamos nossa presen\u00e7a nos munic\u00edpios brasileiros. O mapa eleitoral do \u00faltimo domingo evidencia isso, como mostrei com os resultados do PL.\n<\/p>\n<p>O candidato \u00e0 Presid\u00eancia da Rep\u00fablica para 2026 \u00e9 o presidente Bolsonaro. N\u00e3o h\u00e1 outro nome no campo da direita e centro-direita. At\u00e9 l\u00e1, ele ir\u00e1 recuperar sua elegibilidade, um direito de todo cidad\u00e3o. N\u00e3o \u00e9 justo conden\u00e1-lo por ter realizado uma reuni\u00e3o oficial com embaixadores. Entendo tamb\u00e9m que outras lideran\u00e7as, como os governadores citados, t\u00eam o direito de almejar isso, mas n\u00e3o se pode queimar a largada porque o concorrente est\u00e1 desclassificado.\n<\/p>\n<p>Dancinhas e likes n\u00e3o elegem ningu\u00e9m. \u00c9 preciso muito mais: \u00e9 preciso ter conte\u00fado, seriedade e respeito \u00e0 intelig\u00eancia do eleitor. A popula\u00e7\u00e3o n\u00e3o tolera mentirosos. A mentira pode persistir minutos, horas, dias, mas sempre \u00e9 derrotada pela verdade. A campanha dele foi marcada por inverdades e animadores de audit\u00f3rio, com uso abusivo e ilegal das redes sociais. Seria melhor para ele participar de um quadro na TV no s\u00e1bado \u00e0 noite.\n<\/p>\n<p>Tenho o privil\u00e9gio e a honra de conviver com o presidente Bolsonaro e de ter a sua confian\u00e7a. Nestes dois anos, percebi claramente que ele amadureceu muito. Conversa muito mais, e melhor, e dialoga com p\u00fablicos diferentes. Em alguns casos, chegou a manter di\u00e1logo com antigos cr\u00edticos ao seu governo. Tamb\u00e9m est\u00e1 mais comedido em suas falas e tem ouvido com mais aten\u00e7\u00e3o a orienta\u00e7\u00e3o de sua defesa. O presidente j\u00e1 afirmou que, em uma futura volta, comporia no Pal\u00e1cio do Planalto um grupo de assessores diretos mais s\u00eanior, experiente e pol\u00edtico. E certamente ter\u00e1 uma uma rela\u00e7\u00e3o com a m\u00eddia e imprensa diferente tamb\u00e9m do que foi no seu governo.\n<\/p>\n<p>Quais as suas expectativas para a elei\u00e7\u00e3o ao Senado em 2026 e qual a import\u00e2ncia dessa disputa para o bolsonarismo?<br \/>O presidente Bolsonaro tem destacado a import\u00e2ncia da elei\u00e7\u00e3o para o Senado em 2026, visando ampliar a bancada do PL e de partidos aliados na renova\u00e7\u00e3o de dois ter\u00e7os da Casa. Desde j\u00e1, alguns nomes representativos e ligados ao bolsonarismo est\u00e3o sendo trabalhados para elegermos o maior n\u00famero poss\u00edvel de senadores.\n<\/p>\n<p>Em todos os 26 Estados e no Distrito Federal, o PL e seus aliados t\u00eam grandes nomes. Aqui em S\u00e3o Paulo, temos Eduardo Bolsonaro; no Rio de Janeiro, a reelei\u00e7\u00e3o do Fl\u00e1vio (Bolsonaro); em Bras\u00edlia, Michelle Bolsonaro (ex-primeira-dama); e no Paran\u00e1, Felipe Barros \u2014 apenas a\u00ed j\u00e1 s\u00e3o quatro nomes fortemente identificados com o bolsonarismo.\n<\/p>\n<p>O presidente da C\u00e2mara, Arthur Lira, tomou a melhor decis\u00e3o, e a r\u00e1pida ades\u00e3o dos partidos \u00e0 candidatura do deputado Hugo Motta mostra o acerto dessa escolha, fundamentada no conhecimento que ele tem de seus pares. \u00c9 importante registrar que ele conversou com o presidente Bolsonaro, trocou ideias e avalia\u00e7\u00f5es sobre os cen\u00e1rios pol\u00edticos e contou com o apoio do presidente para tocar o nome de seu candidato. A cria\u00e7\u00e3o da Comiss\u00e3o Especial para discutir a anistia \u00e0queles condenados injustamente por estarem no 8\/1 ajudou a desanuviar o clima de disputa eleitoral pela presid\u00eancia da C\u00e2mara em 2025 e dar\u00e1 mais tempo para uma boa proposta.\n<\/p>\n<p>Fonte: Estad\u00e3o              <\/p>\n<\/div>\n<p><br \/>\n<br \/><a href=\"https:\/\/diariodobrasilnoticias.com.br\/noticia\/braco-direito-de-bolsonaro-defende-repetir-formula-de-sucesso-de-nunes-para-vitoria-em-2026-6729532f4f115\">Source link <\/a><\/p>","protected":false},"excerpt":{"rendered":"<p>Um dos primeiros aliados do ex-presidente Jair Bolsonaro (PL) a defender que o bolsonarismo n\u00e3o lan\u00e7asse candidato pr\u00f3prio em S\u00e3o Paulo, Fabio Wajngarten defende o pragmatismo na elei\u00e7\u00e3o de 2026&hellip;<\/p>","protected":false},"author":1,"featured_media":54898,"comment_status":"closed","ping_status":"open","sticky":false,"template":"","format":"standard","meta":{"content-type":"","footnotes":""},"categories":[16],"tags":[123,2448,5313,1267],"class_list":["post-54897","post","type-post","status-publish","format-standard","has-post-thumbnail","hentry","category-noticias","tag-brasil","tag-diario","tag-noticia","tag-noticias"],"_links":{"self":[{"href":"https:\/\/tvbrazilusa.com\/pt\/wp-json\/wp\/v2\/posts\/54897","targetHints":{"allow":["GET"]}}],"collection":[{"href":"https:\/\/tvbrazilusa.com\/pt\/wp-json\/wp\/v2\/posts"}],"about":[{"href":"https:\/\/tvbrazilusa.com\/pt\/wp-json\/wp\/v2\/types\/post"}],"author":[{"embeddable":true,"href":"https:\/\/tvbrazilusa.com\/pt\/wp-json\/wp\/v2\/users\/1"}],"replies":[{"embeddable":true,"href":"https:\/\/tvbrazilusa.com\/pt\/wp-json\/wp\/v2\/comments?post=54897"}],"version-history":[{"count":1,"href":"https:\/\/tvbrazilusa.com\/pt\/wp-json\/wp\/v2\/posts\/54897\/revisions"}],"predecessor-version":[{"id":54899,"href":"https:\/\/tvbrazilusa.com\/pt\/wp-json\/wp\/v2\/posts\/54897\/revisions\/54899"}],"wp:featuredmedia":[{"embeddable":true,"href":"https:\/\/tvbrazilusa.com\/pt\/wp-json\/wp\/v2\/media\/54898"}],"wp:attachment":[{"href":"https:\/\/tvbrazilusa.com\/pt\/wp-json\/wp\/v2\/media?parent=54897"}],"wp:term":[{"taxonomy":"category","embeddable":true,"href":"https:\/\/tvbrazilusa.com\/pt\/wp-json\/wp\/v2\/categories?post=54897"},{"taxonomy":"post_tag","embeddable":true,"href":"https:\/\/tvbrazilusa.com\/pt\/wp-json\/wp\/v2\/tags?post=54897"}],"curies":[{"name":"wp","href":"https:\/\/api.w.org\/{rel}","templated":true}]}}