{"id":54929,"date":"2024-11-05T08:43:33","date_gmt":"2024-11-05T08:43:33","guid":{"rendered":"https:\/\/tvbrazilusa.com\/2024\/11\/05\/eleitores-de-connecticut-decidirao-sobre-emenda-a-votacao-ausente\/"},"modified":"2024-11-05T08:43:45","modified_gmt":"2024-11-05T08:43:45","slug":"eleitores-de-connecticut-decidirao-sobre-emenda-a-votacao-ausente","status":"publish","type":"post","link":"https:\/\/tvbrazilusa.com\/pt\/2024\/11\/05\/eleitores-de-connecticut-decidirao-sobre-emenda-a-votacao-ausente\/","title":{"rendered":"Eleitores de Connecticut decidir\u00e3o sobre emenda \u00e0 vota\u00e7\u00e3o ausente"},"content":{"rendered":"<script async src=\"https:\/\/pagead2.googlesyndication.com\/pagead\/js\/adsbygoogle.js?client=ca-pub-8864793242727901\"\r\n     crossorigin=\"anonymous\"><\/script>\n<p>NEW HAVEN, Connecticut (WTNH) \u2013 Os eleitores de Connecticut decidir\u00e3o sobre uma proposta de emenda de voto ausente \u201csem desculpa\u201d que autorizaria o Legislativo estadual a permitir que qualquer eleitor solicite uma c\u00e9dula por correio.<\/p>\n<p>De acordo com a lei actual, os eleitores devem ter uma desculpa para solicitar um voto ausente.<\/p>\n<div class=\"nlp-ignore-block article-content rich-text\">\n<aside class=\"promo-link\">\n\t<a href=\"https:\/\/www.wtnh.com\/election-results\/?ipid=promo-link-block1\" class=\"promo-link__link\"><\/p>\n<p>\t\tSua sede eleitoral local: resultados das elei\u00e7\u00f5es de 2024 em Connecticut\t<\/a><br \/>\n<\/aside>\n<\/div>\n<p>Atualmente, a constitui\u00e7\u00e3o estadual estabelece requisitos espec\u00edficos que os eleitores devem cumprir para serem considerados eleg\u00edveis para voto ausente. Doen\u00e7a, defici\u00eancia f\u00edsica e viagens para fora do estado s\u00e3o desculpas comumente citadas para solicitar voto ausente.<\/p>\n<div class=\"ns-block-custom-html\">\n<\/div>\n<section class=\"article-list article-list--link_group\">\n<div class=\"article-list__content\">\n<h2 class=\"article-list__label\">SUA SEDE DE ELEI\u00c7\u00c3O LOCAL<\/h2>\n<div class=\"article-list__triangle\"><\/div>\n<section class=\"article-list article-list--headline-one-col article-list--link-group\">\n<div class=\"article-list__content\" data-module-type=\"no-title\">\n<article class=\"article-list__article\" data-article-id=\"2016609\" data-context=\"link_group\" data-index=\"0\" data-collection=\"article-list1\" data-anvato-params=\"{\"pauseontabinactive\":false}\">\n\t\t\t<!-- Next line is not the perfect\/ideal way to control hiding the items. Can revisit later. --><\/p>\n<div class=\"article-list__article-text\" data-context=\"link_group\" data-article-list-id=\"article-list1\" data-article-text-classes=\"article-list__article-text\" data-article-thumb-classes=\"article-list__article-thumb\" data-current-image-context=\"[\"16:9\",\"(max-width: 1023px) 50vw, 876px\"]\">\n<p>\t\t\t\t<a class=\"article-list__gradient-link\" href=\"https:\/\/www.wtnh.com\/news\/elections\/connecticut-voters-to-decide-on-absentee-ballot-amendment\/\" data-link-type=\"content-link\" data-link-position=\"1\" data-link-pinned=\"false\" data-link-label=\"Connecticut voters to decide on absentee ballot amendment\"><br \/>\n\t\t<\/a><\/p>\n<h2 class=\"article-list__article-title\">\n\t\t\t\t\t\t\t\t\t\t\t\t\t<a href=\"https:\/\/www.wtnh.com\/news\/elections\/connecticut-voters-to-decide-on-absentee-ballot-amendment\/\" class=\"article-list__article-link\" data-link-type=\"content-link\" data-link-position=\"1\" data-link-pinned=\"false\" data-link-label=\"Connecticut voters to decide on absentee ballot amendment\"><\/p>\n<p>\t\t\tEleitores do Connecticut decidir\u00e3o sobre a altera\u00e7\u00e3o do voto ausente<br \/>\n\t\t\t\t\t\t\t\t\t\t<\/a><br \/>\n\t\t\t\t\t<\/h2>\n<p><span aria-hidden=\"true\" class=\"article-list__article-mediaicon article-list__article-mediaicon--video\"><br \/>\n\t<span class=\"article-list__article-mediaicon-svg\"><\/p>\n<p>\t\t.cls-3{preenchimento:#fff;regra de preenchimento:evenodd}<br \/>\n\t<\/span><br \/>\n\t<\/span>\n\t<\/div>\n<\/article>\n<article class=\"article-list__article\" data-article-id=\"2016522\" data-context=\"link_group\" data-index=\"1\" data-collection=\"article-list1\" data-anvato-params=\"{\"pauseontabinactive\":false}\">\n\t\t\t<!-- Next line is not the perfect\/ideal way to control hiding the items. Can revisit later. --><\/p>\n<div class=\"article-list__article-text\" data-context=\"link_group\" data-article-list-id=\"article-list1\" data-article-text-classes=\"article-list__article-text\" data-article-thumb-classes=\"article-list__article-thumb\" data-current-image-context=\"[\"16:9\",\"(max-width: 1023px) 50vw, 876px\"]\">\n<p>\t\t\t\t<a class=\"article-list__gradient-link\" href=\"https:\/\/www.wtnh.com\/news\/elections\/hayes-logan-excited-for-5th-district-race-as-connecticut-heads-to-the-polls\/\" data-link-type=\"content-link\" data-link-position=\"2\" data-link-pinned=\"false\" data-link-label=\"Jahana Hayes and George Logan \u2018excited\u2019 for 5th District race as voters head to the polls\"><br \/>\n\t\t<\/a><\/p>\n<h2 class=\"article-list__article-title\">\n\t\t\t\t\t\t\t\t\t\t\t\t\t<a href=\"https:\/\/www.wtnh.com\/news\/elections\/hayes-logan-excited-for-5th-district-race-as-connecticut-heads-to-the-polls\/\" class=\"article-list__article-link\" data-link-type=\"content-link\" data-link-position=\"2\" data-link-pinned=\"false\" data-link-label=\"Jahana Hayes and George Logan \u2018excited\u2019 for 5th District race as voters head to the polls\"><\/p>\n<p>\t\t\tHayes e Logan &#8216;animados&#8217; enquanto os eleitores v\u00e3o \u00e0s urnas<br \/>\n\t\t\t\t\t\t\t\t\t\t<\/a><br \/>\n\t\t\t\t\t<\/h2>\n<p><span aria-hidden=\"true\" class=\"article-list__article-mediaicon article-list__article-mediaicon--video\"><br \/>\n\t<span class=\"article-list__article-mediaicon-svg\"><\/p>\n<p>\t\t.cls-3{preenchimento:#fff;regra de preenchimento:evenodd}<br \/>\n\t<\/span><br \/>\n\t<\/span>\n\t<\/div>\n<\/article>\n<article class=\"article-list__article\" data-article-id=\"2016267\" data-context=\"link_group\" data-index=\"2\" data-collection=\"article-list1\" data-anvato-params=\"{\"pauseontabinactive\":false}\">\n\t\t\t<!-- Next line is not the perfect\/ideal way to control hiding the items. Can revisit later. --><\/p>\n<div class=\"article-list__article-text\" data-context=\"link_group\" data-article-list-id=\"article-list1\" data-article-text-classes=\"article-list__article-text\" data-article-thumb-classes=\"article-list__article-thumb\" data-current-image-context=\"[\"16:9\",\"(max-width: 1023px) 50vw, 876px\"]\">\n<p>\t\t\t\t<a class=\"article-list__gradient-link\" href=\"https:\/\/www.wtnh.com\/news\/elections\/security-measures-upped-for-election-day-in-connecticut\/\" data-link-type=\"content-link\" data-link-position=\"3\" data-link-pinned=\"false\" data-link-label=\"Security measures upped for Election Day in Connecticut\"><br \/>\n\t\t<\/a><\/p>\n<h2 class=\"article-list__article-title\">\n\t\t\t\t\t\t\t\t\t\t\t\t\t<a href=\"https:\/\/www.wtnh.com\/news\/elections\/security-measures-upped-for-election-day-in-connecticut\/\" class=\"article-list__article-link\" data-link-type=\"content-link\" data-link-position=\"3\" data-link-pinned=\"false\" data-link-label=\"Security measures upped for Election Day in Connecticut\"><\/p>\n<p>\t\t\tMedidas de seguran\u00e7a aumentadas para dia de elei\u00e7\u00e3o em CT<br \/>\n\t\t\t\t\t\t\t\t\t\t<\/a><br \/>\n\t\t\t\t\t<\/h2>\n<p><span aria-hidden=\"true\" class=\"article-list__article-mediaicon article-list__article-mediaicon--video\"><br \/>\n\t<span class=\"article-list__article-mediaicon-svg\"><\/p>\n<p>\t\t.cls-3{preenchimento:#fff;regra de preenchimento:evenodd}<br \/>\n\t<\/span><br \/>\n\t<\/span>\n\t<\/div>\n<\/article>\n<article class=\"article-list__article\" data-article-id=\"2015973\" data-context=\"link_group\" data-index=\"3\" data-collection=\"article-list1\" data-anvato-params=\"{\"pauseontabinactive\":false}\">\n\t\t\t<!-- Next line is not the perfect\/ideal way to control hiding the items. Can revisit later. --><\/p>\n<div class=\"article-list__article-text\" data-context=\"link_group\" data-article-list-id=\"article-list1\" data-article-text-classes=\"article-list__article-text\" data-article-thumb-classes=\"article-list__article-thumb\" data-current-image-context=\"[\"16:9\",\"(max-width: 1023px) 50vw, 876px\"]\">\n<p>\t\t\t\t<a class=\"article-list__gradient-link\" href=\"https:\/\/www.wtnh.com\/news\/elections\/how-to-get-a-free-or-cheaper-ride-to-connecticut-polls\/\" data-link-type=\"content-link\" data-link-position=\"4\" data-link-pinned=\"false\" data-link-label=\"How to get a free (or cheap) ride to Connecticut polls\"><br \/>\n\t\t<\/a><\/p>\n<h2 class=\"article-list__article-title\">\n\t\t\t\t\t\t\t\t\t\t\t\t\t<a href=\"https:\/\/www.wtnh.com\/news\/elections\/how-to-get-a-free-or-cheaper-ride-to-connecticut-polls\/\" class=\"article-list__article-link\" data-link-type=\"content-link\" data-link-position=\"4\" data-link-pinned=\"false\" data-link-label=\"How to get a free (or cheap) ride to Connecticut polls\"><\/p>\n<p>\t\t\tComo conseguir uma viagem gr\u00e1tis (ou barata) para as pesquisas de Connecticut<br \/>\n\t\t\t\t\t\t\t\t\t\t<\/a><br \/>\n\t\t\t\t\t<\/h2>\n<p><span aria-hidden=\"true\" class=\"article-list__article-mediaicon article-list__article-mediaicon--default\"><br \/>\n\t<span class=\"article-list__article-mediaicon-svg\"><\/p>\n<p>\t\t.cls-4{preenchimento:#000;}<br \/>\n\t<\/span><br \/>\n\t<\/span>\n\t<\/div>\n<\/article>\n<article class=\"article-list__article\" data-article-id=\"2015844\" data-context=\"link_group\" data-index=\"4\" data-collection=\"article-list1\" data-anvato-params=\"{\"pauseontabinactive\":false}\">\n\t\t\t<!-- Next line is not the perfect\/ideal way to control hiding the items. Can revisit later. --><\/p>\n<div class=\"article-list__article-text\" data-context=\"link_group\" data-article-list-id=\"article-list1\" data-article-text-classes=\"article-list__article-text\" data-article-thumb-classes=\"article-list__article-thumb\" data-current-image-context=\"[\"16:9\",\"(max-width: 1023px) 50vw, 876px\"]\">\n<p>\t\t\t\t<a class=\"article-list__gradient-link\" href=\"https:\/\/www.wtnh.com\/news\/elections\/which-election-issue-is-the-most-important-to-connecticut-voters\/\" data-link-type=\"content-link\" data-link-position=\"5\" data-link-pinned=\"false\" data-link-label=\"Which election issue is the most important to Connecticut voters?\"><br \/>\n\t\t<\/a><\/p>\n<h2 class=\"article-list__article-title\">\n\t\t\t\t\t\t\t\t\t\t\t\t\t<a href=\"https:\/\/www.wtnh.com\/news\/elections\/which-election-issue-is-the-most-important-to-connecticut-voters\/\" class=\"article-list__article-link\" data-link-type=\"content-link\" data-link-position=\"5\" data-link-pinned=\"false\" data-link-label=\"Which election issue is the most important to Connecticut voters?\"><\/p>\n<p>\t\t\tQual quest\u00e3o \u00e9 a mais importante para os eleitores do CT?<br \/>\n\t\t\t\t\t\t\t\t\t\t<\/a><br \/>\n\t\t\t\t\t<\/h2>\n<p><span aria-hidden=\"true\" class=\"article-list__article-mediaicon article-list__article-mediaicon--default\"><br \/>\n\t<span class=\"article-list__article-mediaicon-svg\"><\/p>\n<p>\t\t.cls-4{preenchimento:#000;}<br \/>\n\t<\/span><br \/>\n\t<\/span>\n\t<\/div>\n<\/article>\n<article class=\"article-list__article\" data-article-id=\"2015663\" data-context=\"link_group\" data-index=\"5\" data-collection=\"article-list1\" data-anvato-params=\"{\"pauseontabinactive\":false}\">\n\t\t\t<!-- Next line is not the perfect\/ideal way to control hiding the items. Can revisit later. --><\/p>\n<div class=\"article-list__article-text\" data-context=\"link_group\" data-article-list-id=\"article-list1\" data-article-text-classes=\"article-list__article-text\" data-article-thumb-classes=\"article-list__article-thumb\" data-current-image-context=\"[\"16:9\",\"(max-width: 1023px) 50vw, 876px\"]\">\n<p>\t\t\t\t<a class=\"article-list__gradient-link\" href=\"https:\/\/www.wtnh.com\/news\/elections\/capitol-report-chris-murphy-and-matt-corey-face-off-in-senate-debate\/\" data-link-type=\"content-link\" data-link-position=\"6\" data-link-pinned=\"false\" data-link-label=\"Capitol Report: Chris Murphy and Matt Corey face off in Senate debate\"><br \/>\n\t\t<\/a><\/p>\n<h2 class=\"article-list__article-title\">\n\t\t\t\t\t\t\t\t\t\t\t\t\t<a href=\"https:\/\/www.wtnh.com\/news\/elections\/capitol-report-chris-murphy-and-matt-corey-face-off-in-senate-debate\/\" class=\"article-list__article-link\" data-link-type=\"content-link\" data-link-position=\"6\" data-link-pinned=\"false\" data-link-label=\"Capitol Report: Chris Murphy and Matt Corey face off in Senate debate\"><\/p>\n<p>\t\t\tCap Report: Murphy e Corey se enfrentam no debate no Senado<br \/>\n\t\t\t\t\t\t\t\t\t\t<\/a><br \/>\n\t\t\t\t\t<\/h2>\n<p><span aria-hidden=\"true\" class=\"article-list__article-mediaicon article-list__article-mediaicon--video\"><br \/>\n\t<span class=\"article-list__article-mediaicon-svg\"><\/p>\n<p>\t\t.cls-3{preenchimento:#fff;regra de preenchimento:evenodd}<br \/>\n\t<\/span><br \/>\n\t<\/span>\n\t<\/div>\n<\/article>\n<\/div>\n<\/section><\/div>\n<\/section>\n<p><br \/>\n<br \/><a href=\"https:\/\/www.wtnh.com\/news\/elections\/connecticut-voters-to-decide-on-absentee-ballot-amendment\/\">Source link <\/a><\/p>","protected":false},"excerpt":{"rendered":"<p>NEW HAVEN, Connecticut (WTNH) \u2013 Os eleitores de Connecticut decidir\u00e3o sobre uma proposta de emenda de voto ausente \u201csem desculpa\u201d que autorizaria o Legislativo estadual a permitir que qualquer eleitor&hellip;<\/p>","protected":false},"author":1,"featured_media":54930,"comment_status":"closed","ping_status":"open","sticky":false,"template":"","format":"standard","meta":{"content-type":"","footnotes":""},"categories":[1],"tags":[],"class_list":["post-54929","post","type-post","status-publish","format-standard","has-post-thumbnail","hentry","category-uncategorized"],"_links":{"self":[{"href":"https:\/\/tvbrazilusa.com\/pt\/wp-json\/wp\/v2\/posts\/54929","targetHints":{"allow":["GET"]}}],"collection":[{"href":"https:\/\/tvbrazilusa.com\/pt\/wp-json\/wp\/v2\/posts"}],"about":[{"href":"https:\/\/tvbrazilusa.com\/pt\/wp-json\/wp\/v2\/types\/post"}],"author":[{"embeddable":true,"href":"https:\/\/tvbrazilusa.com\/pt\/wp-json\/wp\/v2\/users\/1"}],"replies":[{"embeddable":true,"href":"https:\/\/tvbrazilusa.com\/pt\/wp-json\/wp\/v2\/comments?post=54929"}],"version-history":[{"count":1,"href":"https:\/\/tvbrazilusa.com\/pt\/wp-json\/wp\/v2\/posts\/54929\/revisions"}],"predecessor-version":[{"id":54931,"href":"https:\/\/tvbrazilusa.com\/pt\/wp-json\/wp\/v2\/posts\/54929\/revisions\/54931"}],"wp:featuredmedia":[{"embeddable":true,"href":"https:\/\/tvbrazilusa.com\/pt\/wp-json\/wp\/v2\/media\/54930"}],"wp:attachment":[{"href":"https:\/\/tvbrazilusa.com\/pt\/wp-json\/wp\/v2\/media?parent=54929"}],"wp:term":[{"taxonomy":"category","embeddable":true,"href":"https:\/\/tvbrazilusa.com\/pt\/wp-json\/wp\/v2\/categories?post=54929"},{"taxonomy":"post_tag","embeddable":true,"href":"https:\/\/tvbrazilusa.com\/pt\/wp-json\/wp\/v2\/tags?post=54929"}],"curies":[{"name":"wp","href":"https:\/\/api.w.org\/{rel}","templated":true}]}}