{"id":54940,"date":"2024-11-05T10:10:23","date_gmt":"2024-11-05T10:10:23","guid":{"rendered":"https:\/\/tvbrazilusa.com\/2024\/11\/05\/morre-fotografo-que-escancarou-a-violencia-da-ditadura\/"},"modified":"2024-11-05T10:10:24","modified_gmt":"2024-11-05T10:10:24","slug":"morre-fotografo-que-escancarou-a-violencia-da-ditadura","status":"publish","type":"post","link":"https:\/\/tvbrazilusa.com\/pt\/2024\/11\/05\/morre-fotografo-que-escancarou-a-violencia-da-ditadura\/","title":{"rendered":"Morre fot\u00f3grafo que escancarou a viol\u00eancia da ditadura"},"content":{"rendered":"<p> <script async src=\"https:\/\/pagead2.googlesyndication.com\/pagead\/js\/adsbygoogle.js?client=ca-pub-8864793242727901\"\r\n     crossorigin=\"anonymous\"><\/script><br \/>\n<\/p>\n<div id=\"taboola-read-more\" style=\"display:block; width:100%\">\n<p>O fotojornalismo brasileiro perdeu um dos seus maiores nomes. Morreu na tarde desta segunda-feira (4), aos 88 anos, o fot\u00f3grafo Evandro Teixeira, conhecido especialmente por seus registros da ditadura militar no Brasil.\n<\/p>\n<p>Teixeira enfrentava uma leucemia cr\u00f4nica havia dez anos e morreu por fal\u00eancia m\u00faltipla dos \u00f3rg\u00e3os, ap\u00f3s complica\u00e7\u00f5es causadas por uma pneumonia, segundo familiares. Ele estava internado na cl\u00ednica S\u00e3o Vicente, na G\u00e1vea, bairro do Rio de Janeiro, desde o in\u00edcio de setembro.<\/p>\n<p>As imagens do Brasil sob repress\u00e3o, a partir do golpe de 1964, comp\u00f5em a fase mais conhecida de seu trabalho, que se estendeu por sete d\u00e9cadas. Teixeira fotografou ainda a viol\u00eancia no Chile sob as ordens Augusto Pinochet e acompanhou visitas do papa Jo\u00e3o Paulo 2\u00ba e da rainha Elizabeth 2\u00aa ao Brasil. Tamb\u00e9m retratou grandes personalidades do pa\u00eds nas formas mais surpreendentes.\n<\/p>\n<p>Teixeira nasceu na pequena cidade de Irajuba, no interior da Bahia, em 1935, filho de um fazendeiro e uma dona de casa. Aos 15 anos, mudou-se para Jequi\u00e9, para estudar e trabalhar em um jornal local.\n<\/p>\n<p>Nesses tempos de adolesc\u00eancia, conheceu a revista O Cruzeiro e ficou fascinado pela produ\u00e7\u00e3o fotogr\u00e1fica de Jos\u00e9 Medeiros, morto em 1990, com quem fez um curso por correspond\u00eancia.\n<\/p>\n<p>A essa altura, o fot\u00f3grafo j\u00e1 morava em Salvador, para onde havia se mudado em 1954. Estagiava no Di\u00e1rio de Not\u00edcias. Ele n\u00e3o se contentava, por\u00e9m, com a vida profissional na Bahia. Tr\u00eas anos depois, fez as malas rumo ao Rio de Janeiro. Come\u00e7ou no grupo Di\u00e1rios Associados, de Assis Chateaubriand.\n<\/p>\n<p>Em 1961, veio o primeiro convite para trabalhar no Jornal do Brasil.\u00a0<br \/>Na madrugada de 1\u00ba de abril de 1964, Teixeira fez uma das imagens mais representativas daqueles momentos em que o golpe militar estava em andamento. No Forte de Copacabana, tomado pelos oficiais insurgentes, fotografou um soldado na contra-luz, sob uma chuva forte. Sombria, a cena parecia sinalizar o que estava por vir.\n<\/p>\n<p>Em 1968, Teixeira alcan\u00e7ou o que \u00e9 provavelmente seu \u00e1pice como fotojornalista, ao acompanhar as grandes manifesta\u00e7\u00f5es contra o regime no centro do Rio de Janeiro. No dia 21 de junho daquele ano, a chamada Sexta-Feira Sangrenta, a cavalaria das For\u00e7as Armadas reagiu com trucul\u00eancia a um protesto de estudantes.\n<\/p>\n<p>Com esse e outros registros da convuls\u00e3o social em curso no pa\u00eds naquele ano, Teixeira expunha como aparato repressivo se tornava mais violento a cada dia. O autoritarismo crescente n\u00e3o era, por\u00e9m, um fen\u00f4meno restrito ao Brasil e se espalhava feito onda naqueles anos pela Am\u00e9rica do Sul.\n<\/p>\n<p>Em setembro de 1973, Teixeira foi ao Chile para acompanhar as primeiras semanas do regime Pinochet. Al\u00e9m de registrar o encarceramento em massa dos presos pol\u00edticos no Est\u00e1dio Nacional de Santiago, p\u00f4de captar a morte do poeta Pablo Neruda.\n<\/p>\n<p>Al\u00e9m de conflitos pol\u00edticos, Teixeira fotografou personalidades da cultura, como Leila Diniz, Tom Jobim, Vinicius de Moraes e Cartola, e do esporte, como Pel\u00e9 e Ayrton Senna. O mais relevante dos seus projetos autorais foi o dedicado ao centen\u00e1rio da Guerra de Canudos, na Bahia, em 1997. Resultou no livro &#8220;Canudos: 100 Anos&#8221;.\n<\/p>\n<p>Entre seus livros, tamb\u00e9m est\u00e3o &#8220;Evandro Teixeira &#8211; 50 Anos de Fotojornalismo&#8221;, &#8220;Passeata dos 100 Mil&#8221; e &#8220;Vou Viver &#8211; Tributo ao Poeta Pablo Neruda&#8221;.\n<\/p>\n<p>Especialmente nas duas \u00faltimas d\u00e9cadas, museus e galerias no Brasil e no exterior celebraram a obra de Teixeira. Em 2008, uma mostra na na Leica Gallery, em Nova York, reuniu 40 nomes da fotografia mundial. Eram dois os brasileiros lembrados na exposi\u00e7\u00e3o, Sebasti\u00e3o Salgado e Evandro Teixeira.\n<\/p>\n<p>Recebeu dezenas de pr\u00eamios, como os concedidos pela Unesco e pela Sociedade Interamericana de Imprensa. O fot\u00f3grafo deixa duas filhas, Carina e Adryana, e um acervo com mais de 150 mil fotos, sob os cuidados do IMS.\n<\/p>\n<p>Com informa\u00e7\u00f5es de Folha de S\u00e3o Paulo              <\/p>\n<\/div>\n<p><br \/>\n<br \/><a href=\"https:\/\/diariodobrasilnoticias.com.br\/noticia\/morre-fotografo-que-escancarou-a-violencia-da-ditadura-6729ee6324c7d\">Source link <\/a><\/p>","protected":false},"excerpt":{"rendered":"<p>O fotojornalismo brasileiro perdeu um dos seus maiores nomes. Morreu na tarde desta segunda-feira (4), aos 88 anos, o fot\u00f3grafo Evandro Teixeira, conhecido especialmente por seus registros da ditadura militar&hellip;<\/p>","protected":false},"author":1,"featured_media":54941,"comment_status":"closed","ping_status":"open","sticky":false,"template":"","format":"standard","meta":{"content-type":"","footnotes":""},"categories":[16],"tags":[123,2448,5313,1267],"class_list":["post-54940","post","type-post","status-publish","format-standard","has-post-thumbnail","hentry","category-noticias","tag-brasil","tag-diario","tag-noticia","tag-noticias"],"_links":{"self":[{"href":"https:\/\/tvbrazilusa.com\/pt\/wp-json\/wp\/v2\/posts\/54940","targetHints":{"allow":["GET"]}}],"collection":[{"href":"https:\/\/tvbrazilusa.com\/pt\/wp-json\/wp\/v2\/posts"}],"about":[{"href":"https:\/\/tvbrazilusa.com\/pt\/wp-json\/wp\/v2\/types\/post"}],"author":[{"embeddable":true,"href":"https:\/\/tvbrazilusa.com\/pt\/wp-json\/wp\/v2\/users\/1"}],"replies":[{"embeddable":true,"href":"https:\/\/tvbrazilusa.com\/pt\/wp-json\/wp\/v2\/comments?post=54940"}],"version-history":[{"count":1,"href":"https:\/\/tvbrazilusa.com\/pt\/wp-json\/wp\/v2\/posts\/54940\/revisions"}],"predecessor-version":[{"id":54942,"href":"https:\/\/tvbrazilusa.com\/pt\/wp-json\/wp\/v2\/posts\/54940\/revisions\/54942"}],"wp:featuredmedia":[{"embeddable":true,"href":"https:\/\/tvbrazilusa.com\/pt\/wp-json\/wp\/v2\/media\/54941"}],"wp:attachment":[{"href":"https:\/\/tvbrazilusa.com\/pt\/wp-json\/wp\/v2\/media?parent=54940"}],"wp:term":[{"taxonomy":"category","embeddable":true,"href":"https:\/\/tvbrazilusa.com\/pt\/wp-json\/wp\/v2\/categories?post=54940"},{"taxonomy":"post_tag","embeddable":true,"href":"https:\/\/tvbrazilusa.com\/pt\/wp-json\/wp\/v2\/tags?post=54940"}],"curies":[{"name":"wp","href":"https:\/\/api.w.org\/{rel}","templated":true}]}}