{"id":54955,"date":"2024-11-05T11:23:23","date_gmt":"2024-11-05T11:23:23","guid":{"rendered":"https:\/\/tvbrazilusa.com\/2024\/11\/05\/cabeca-de-porco-e-arremessada-em-campo-durante-corinthians-x-palmeiras-entenda\/"},"modified":"2024-11-05T11:23:25","modified_gmt":"2024-11-05T11:23:25","slug":"cabeca-de-porco-e-arremessada-em-campo-durante-corinthians-x-palmeiras-entenda","status":"publish","type":"post","link":"https:\/\/tvbrazilusa.com\/pt\/2024\/11\/05\/cabeca-de-porco-e-arremessada-em-campo-durante-corinthians-x-palmeiras-entenda\/","title":{"rendered":"Cabe\u00e7a de porco \u00e9 arremessada em campo durante Corinthians x Palmeiras; ENTENDA"},"content":{"rendered":"<p> <script async src=\"https:\/\/pagead2.googlesyndication.com\/pagead\/js\/adsbygoogle.js?client=ca-pub-8864793242727901\"\r\n     crossorigin=\"anonymous\"><\/script><br \/>\n<\/p>\n<div>\n<figure class=\"post-image\">\n<\/figure>\n<p>            <span style=\"font-size: 12px\">Reprodu\u00e7\u00e3o<\/span><\/p>\n<p>            <!-- end metas --><br \/>\n            <!-- ADS --><\/p>\n<div id=\"taboola-read-more\" style=\"display:block; width:100%\">\n<p>Uma cabe\u00e7a de porco foi arremessada no gramado da Neo Qu\u00edmica Arena durante Corinthians 2\u00d70 Palmeiras, jogo do Campeonato Brasileiro disputado na noite desta segunda-feira (4). O ato \u00e9 uma alus\u00e3o ao apelido do clube alviverde.\n<\/p>\n<p><strong>O que aconteceu<\/strong><\/p>\n<p>A pe\u00e7a foi lan\u00e7ada durante um escanteio do Palmeiras pelo lado esquerdo. Raphael Veiga estava posicionado para a cobran\u00e7a quando o objeto foi atirado para dentro do campo, mas longe de qualquer atleta.\n<\/p>\n<p>Rapidamente, Yuri Alberto tirou a cabe\u00e7a do porco para a beira do campo com um chute de leve. Logo depois, uma garrafa foi atirada perto do meia alviverde.\n<\/p>\n<p>Funcion\u00e1rios retiraram o peda\u00e7o de su\u00edno e o duelo seguiu normalmente. Tel\u00f5es da Neo Qu\u00edmica Arena emitiram uma mensagem ressaltando que \u00e9 proibido arremessar objetos no campo.\n<\/p>\n<p>Um homem suspeito de arremessar a cabe\u00e7a de porco foi conduzido por policiais ao Jecrim (Juizado Especial Criminal). Ainda n\u00e3o h\u00e1 a confirma\u00e7\u00e3o se realmente foi ele quem jogou o item no gramado.\n<\/p>\n<p>Fot\u00f3grafos e rep\u00f3rteres que estavam atr\u00e1s do gol conseguiram fotografar a cabe\u00e7a, mas depois houve a proibi\u00e7\u00e3o de fazer novas imagens.\n<\/p>\n<p><strong>UOL<\/strong>              <\/p>\n<\/div>\n<p>                        <!-- Scripts para conteudo --><\/p>\n<p>            <!-- .\/Scripts para conteudo --><br \/>\n            <!-- .\/Mat\u00e9ria --><\/p>\n<div class=\"row mt-3\">\n<div class=\"col-sm-6\">\n                <!-- Whatsapp channel 3--><br \/>\n                <a href=\"https:\/\/chat.whatsapp.com\/J6hwSKYns5B0XFowx2wZ0P\" target=\"_blank\" rel=\"noopener\"><br \/>\n                  <img decoding=\"async\" src=\"https:\/\/diariodobrasilnoticias.com.br\/assets-site\/images\/bot_whatsapp.png\"\/><\/a>\n              <\/div>\n<div class=\"col-sm-6\">\n                <a href=\"https:\/\/t.me\/+_4gTmi5LKo03OTM5\" target=\"_blank\" rel=\"noopener\"><br \/>\n                  <img decoding=\"async\" src=\"https:\/\/diariodobrasilnoticias.com.br\/assets-site\/images\/bot_telegram.png\"\/><\/a>\n              <\/div>\n<\/p><\/div>\n<p>            <!-- end post-navigation --><\/p>\n<p>              <!-- end row --><\/p>\n<p>              <!-- end col-12-->\n                      <\/div>\n<p><br \/>\n<br \/><a href=\"https:\/\/diariodobrasilnoticias.com.br\/noticia\/cabeca-de-porco-e-arremessada-em-campo-durante-corinthians-x-palmeiras-entenda-6729eee5af8cf\">Source link <\/a><\/p>","protected":false},"excerpt":{"rendered":"<p>Reprodu\u00e7\u00e3o Uma cabe\u00e7a de porco foi arremessada no gramado da Neo Qu\u00edmica Arena durante Corinthians 2\u00d70 Palmeiras, jogo do Campeonato Brasileiro disputado na noite desta segunda-feira (4). O ato \u00e9&hellip;<\/p>","protected":false},"author":1,"featured_media":54956,"comment_status":"closed","ping_status":"open","sticky":false,"template":"","format":"standard","meta":{"content-type":"","footnotes":""},"categories":[16],"tags":[123,2448,5313,1267],"class_list":["post-54955","post","type-post","status-publish","format-standard","has-post-thumbnail","hentry","category-noticias","tag-brasil","tag-diario","tag-noticia","tag-noticias"],"_links":{"self":[{"href":"https:\/\/tvbrazilusa.com\/pt\/wp-json\/wp\/v2\/posts\/54955","targetHints":{"allow":["GET"]}}],"collection":[{"href":"https:\/\/tvbrazilusa.com\/pt\/wp-json\/wp\/v2\/posts"}],"about":[{"href":"https:\/\/tvbrazilusa.com\/pt\/wp-json\/wp\/v2\/types\/post"}],"author":[{"embeddable":true,"href":"https:\/\/tvbrazilusa.com\/pt\/wp-json\/wp\/v2\/users\/1"}],"replies":[{"embeddable":true,"href":"https:\/\/tvbrazilusa.com\/pt\/wp-json\/wp\/v2\/comments?post=54955"}],"version-history":[{"count":1,"href":"https:\/\/tvbrazilusa.com\/pt\/wp-json\/wp\/v2\/posts\/54955\/revisions"}],"predecessor-version":[{"id":54957,"href":"https:\/\/tvbrazilusa.com\/pt\/wp-json\/wp\/v2\/posts\/54955\/revisions\/54957"}],"wp:featuredmedia":[{"embeddable":true,"href":"https:\/\/tvbrazilusa.com\/pt\/wp-json\/wp\/v2\/media\/54956"}],"wp:attachment":[{"href":"https:\/\/tvbrazilusa.com\/pt\/wp-json\/wp\/v2\/media?parent=54955"}],"wp:term":[{"taxonomy":"category","embeddable":true,"href":"https:\/\/tvbrazilusa.com\/pt\/wp-json\/wp\/v2\/categories?post=54955"},{"taxonomy":"post_tag","embeddable":true,"href":"https:\/\/tvbrazilusa.com\/pt\/wp-json\/wp\/v2\/tags?post=54955"}],"curies":[{"name":"wp","href":"https:\/\/api.w.org\/{rel}","templated":true}]}}