{"id":54979,"date":"2024-11-05T13:17:06","date_gmt":"2024-11-05T13:17:06","guid":{"rendered":"https:\/\/tvbrazilusa.com\/2024\/11\/05\/lula-cria-filiais-na-cultura-para-oferecer-cargos-a-aliados-petistas\/"},"modified":"2024-11-05T13:17:07","modified_gmt":"2024-11-05T13:17:07","slug":"lula-cria-filiais-na-cultura-para-oferecer-cargos-a-aliados-petistas","status":"publish","type":"post","link":"https:\/\/tvbrazilusa.com\/pt\/2024\/11\/05\/lula-cria-filiais-na-cultura-para-oferecer-cargos-a-aliados-petistas\/","title":{"rendered":"Lula cria filiais na Cultura para oferecer cargos a aliados petistas"},"content":{"rendered":"<p> <script async src=\"https:\/\/pagead2.googlesyndication.com\/pagead\/js\/adsbygoogle.js?client=ca-pub-8864793242727901\"\r\n     crossorigin=\"anonymous\"><\/script><br \/>\n<\/p>\n<div id=\"taboola-read-more\" style=\"display:block; width:100%\">\n<p>O governo Lula (PT) criou uma rede de escrit\u00f3rios do Minist\u00e9rio da Cultura em todos os estados brasileiros, empregando 80 servidores.\n<\/p>\n<p>Esses escrit\u00f3rios, majoritariamente ocupados por petistas, t\u00eam como objetivo principal influenciar a sele\u00e7\u00e3o de Organiza\u00e7\u00f5es n\u00e3o Governamentais (ONGs) para formar comit\u00eas culturais estaduais, como parte de uma pol\u00edtica nacional que pretende investir R$ 58,8 milh\u00f5es na difus\u00e3o cultural nos pr\u00f3ximos dois anos.<\/p>\n<p>O jornal O Estado de S. Paulo revelou que algumas ONGs selecionadas para receber fundos p\u00fablicos t\u00eam liga\u00e7\u00f5es com petistas e membros do pr\u00f3prio minist\u00e9rio. Entre elas, h\u00e1 uma organiza\u00e7\u00e3o associada a um empres\u00e1rio acusado de desviar recursos culturais e outra administrada por um candidato a vereador que utilizou o espa\u00e7o para atividades eleitorais.\n<\/p>\n<p>Dos 26 escrit\u00f3rios estaduais, 19 s\u00e3o liderados por membros do PT, um por um filiado ao PSB e outro por um integrante do PSOL. Os outros cinco coordenadores, embora n\u00e3o tenham filia\u00e7\u00e3o formal, possuem liga\u00e7\u00f5es pol\u00edticas significativas.\n<\/p>\n<p>Um exemplo \u00e9 o chefe do escrit\u00f3rio na Bahia, que n\u00e3o est\u00e1 na lista oficial de filiados ao PT, mas trabalhou durante tr\u00eas mandatos no gabinete do deputado federal Jorge Solla (PT-BA).\n<\/p>\n<p>No Paran\u00e1, Loana Campos, chefe do escrit\u00f3rio, n\u00e3o \u00e9 filiada ao PT, mas possui fortes la\u00e7os com Jo\u00e3o Paulo Mehl, articulador do comit\u00ea estadual e membro do PT. Campos foi nomeada em outubro de 2023.\n<\/p>\n<p>O Minist\u00e9rio da Cultura afirma que a escolha dos comissionados \u00e9 baseada na experi\u00eancia no setor cultural, e n\u00e3o na filia\u00e7\u00e3o partid\u00e1ria.\n<\/p>\n<p>Com informa\u00e7\u00f5es de Di\u00e1rio do Poder              <\/p>\n<\/div>\n<p><br \/>\n<br \/><a href=\"https:\/\/diariodobrasilnoticias.com.br\/noticia\/lula-cria-filiais-na-cultura-para-dar-boquinha-a-petistas-6729fa53d8aa1\">Source link <\/a><\/p>","protected":false},"excerpt":{"rendered":"<p>O governo Lula (PT) criou uma rede de escrit\u00f3rios do Minist\u00e9rio da Cultura em todos os estados brasileiros, empregando 80 servidores. Esses escrit\u00f3rios, majoritariamente ocupados por petistas, t\u00eam como objetivo&hellip;<\/p>","protected":false},"author":1,"featured_media":54980,"comment_status":"closed","ping_status":"open","sticky":false,"template":"","format":"standard","meta":{"content-type":"","footnotes":""},"categories":[16],"tags":[123,2448,5313,1267],"class_list":["post-54979","post","type-post","status-publish","format-standard","has-post-thumbnail","hentry","category-noticias","tag-brasil","tag-diario","tag-noticia","tag-noticias"],"_links":{"self":[{"href":"https:\/\/tvbrazilusa.com\/pt\/wp-json\/wp\/v2\/posts\/54979","targetHints":{"allow":["GET"]}}],"collection":[{"href":"https:\/\/tvbrazilusa.com\/pt\/wp-json\/wp\/v2\/posts"}],"about":[{"href":"https:\/\/tvbrazilusa.com\/pt\/wp-json\/wp\/v2\/types\/post"}],"author":[{"embeddable":true,"href":"https:\/\/tvbrazilusa.com\/pt\/wp-json\/wp\/v2\/users\/1"}],"replies":[{"embeddable":true,"href":"https:\/\/tvbrazilusa.com\/pt\/wp-json\/wp\/v2\/comments?post=54979"}],"version-history":[{"count":1,"href":"https:\/\/tvbrazilusa.com\/pt\/wp-json\/wp\/v2\/posts\/54979\/revisions"}],"predecessor-version":[{"id":54981,"href":"https:\/\/tvbrazilusa.com\/pt\/wp-json\/wp\/v2\/posts\/54979\/revisions\/54981"}],"wp:featuredmedia":[{"embeddable":true,"href":"https:\/\/tvbrazilusa.com\/pt\/wp-json\/wp\/v2\/media\/54980"}],"wp:attachment":[{"href":"https:\/\/tvbrazilusa.com\/pt\/wp-json\/wp\/v2\/media?parent=54979"}],"wp:term":[{"taxonomy":"category","embeddable":true,"href":"https:\/\/tvbrazilusa.com\/pt\/wp-json\/wp\/v2\/categories?post=54979"},{"taxonomy":"post_tag","embeddable":true,"href":"https:\/\/tvbrazilusa.com\/pt\/wp-json\/wp\/v2\/tags?post=54979"}],"curies":[{"name":"wp","href":"https:\/\/api.w.org\/{rel}","templated":true}]}}