{"id":54985,"date":"2024-11-05T13:42:45","date_gmt":"2024-11-05T13:42:45","guid":{"rendered":"https:\/\/tvbrazilusa.com\/2024\/11\/05\/3-desvantagens-no-uso-da-airfryer-que-os-vendedores-nunca-vao-mencionar-na-hora-da-compra\/"},"modified":"2024-11-05T13:42:47","modified_gmt":"2024-11-05T13:42:47","slug":"3-desvantagens-no-uso-da-airfryer-que-os-vendedores-nunca-vao-mencionar-na-hora-da-compra","status":"publish","type":"post","link":"https:\/\/tvbrazilusa.com\/pt\/2024\/11\/05\/3-desvantagens-no-uso-da-airfryer-que-os-vendedores-nunca-vao-mencionar-na-hora-da-compra\/","title":{"rendered":"3 desvantagens no uso da airfryer que os vendedores nunca v\u00e3o mencionar na hora da compra"},"content":{"rendered":"<p> <script async src=\"https:\/\/pagead2.googlesyndication.com\/pagead\/js\/adsbygoogle.js?client=ca-pub-8864793242727901\"\r\n     crossorigin=\"anonymous\"><\/script><br \/>\n<\/p>\n<div>\n<figure class=\"post-image\">\n<\/figure>\n<p>            <span style=\"font-size: 12px\">Shutterstock<\/span><\/p>\n<p>            <!-- end metas --><br \/>\n            <!-- ADS --><\/p>\n<div id=\"taboola-read-more\" style=\"display:block; width:100%\">\n<p>A airfryer se tornou uma das queridinhas nas cozinhas modernas, prometendo as mais variadas receitas com a praticidade de preparar alimentos crocantes e saborosos sem a necessidade de \u00f3leo. Mas, apesar de todas as vantagens, nem tudo s\u00e3o flores quando se trata desse eletrodom\u00e9stico. Existem algumas desvantagens que os vendedores dificilmente mencionam na hora da compra. Apesar de ser \u00f3tima, existem alguns pontos negativos que voc\u00ea deve conhecer para avaliar com mais clareza se a airfryer \u00e9 realmente o melhor investimento para a sua cozinha.\n<\/p>\n<p>1- Espa\u00e7o<br \/>A airfryer \u00e9 um eletrodom\u00e9stico de v\u00e1rios tamanhos, mas at\u00e9 mesmo a sua menor vers\u00e3o exige muito espa\u00e7o na cozinha! A mais vendida \u00e9 a de 4 litros e muito provavelmente voc\u00ea ainda n\u00e3o vai conseguir colocar muitos alimentos no cesto, como um frango inteiro! Para fam\u00edlias maiores ou eventos, pode ser necess\u00e1rio fazer v\u00e1rias rodadas de preparo. Al\u00e9m do eletrodom\u00e9stico ocupar uma grande \u00e1rea em sua cozinha, ele ainda precisa ficar pr\u00f3ximo a uma tomada el\u00e9trica.<\/p>\n<p>2- Barulho<br \/>Como a airfryer funciona a partir do ar quente, ela possui uma esp\u00e9cie de ventoinha que faz um barulho constante conforme o seu uso. Este ru\u00eddo pode ser irritante para a audi\u00e7\u00e3o, especialmente se for o caso de fritar alimentos que requerem um tempo de cozimento prolongado.\n<\/p>\n<p>3- Limpeza<br \/>Algumas partes da airfryer, como a cesta e a bandeja, podem ser dif\u00edceis de limpar, principalmente se houver res\u00edduos de alimentos presos. O ac\u00famulo de gordura e res\u00edduos exige um limpeza manual mais potente, contando at\u00e9 mesmo com produtos qu\u00edmicos de limpeza.\n<\/p>\n<p>Fonte: Tudo Gostoso              <\/p>\n<\/div>\n<p>                        <!-- Scripts para conteudo --><\/p>\n<p>            <!-- .\/Scripts para conteudo --><br \/>\n            <!-- .\/Mat\u00e9ria --><\/p>\n<div class=\"row mt-3\">\n<div class=\"col-sm-6\">\n                <!-- Whatsapp channel 3--><br \/>\n                <a href=\"https:\/\/chat.whatsapp.com\/J6hwSKYns5B0XFowx2wZ0P\" target=\"_blank\" rel=\"noopener\"><br \/>\n                  <img decoding=\"async\" src=\"https:\/\/diariodobrasilnoticias.com.br\/assets-site\/images\/bot_whatsapp.png\"\/><\/a>\n              <\/div>\n<div class=\"col-sm-6\">\n                <a href=\"https:\/\/t.me\/+_4gTmi5LKo03OTM5\" target=\"_blank\" rel=\"noopener\"><br \/>\n                  <img decoding=\"async\" src=\"https:\/\/diariodobrasilnoticias.com.br\/assets-site\/images\/bot_telegram.png\"\/><\/a>\n              <\/div>\n<\/p><\/div>\n<p>            <!-- end post-navigation --><\/p>\n<p>              <!-- end row --><\/p>\n<p>              <!-- end col-12-->\n                      <\/div>\n<p><br \/>\n<br \/><a href=\"https:\/\/diariodobrasilnoticias.com.br\/noticia\/3-desvantagens-no-uso-da-airfryer-que-os-vendedores-nunca-vao-mencionar-na-hora-da-compra-6729f93420117\">Source link <\/a><\/p>","protected":false},"excerpt":{"rendered":"<p>Shutterstock A airfryer se tornou uma das queridinhas nas cozinhas modernas, prometendo as mais variadas receitas com a praticidade de preparar alimentos crocantes e saborosos sem a necessidade de \u00f3leo.&hellip;<\/p>","protected":false},"author":1,"featured_media":54986,"comment_status":"closed","ping_status":"open","sticky":false,"template":"","format":"standard","meta":{"content-type":"","footnotes":""},"categories":[16],"tags":[123,2448,5313,1267],"class_list":["post-54985","post","type-post","status-publish","format-standard","has-post-thumbnail","hentry","category-noticias","tag-brasil","tag-diario","tag-noticia","tag-noticias"],"_links":{"self":[{"href":"https:\/\/tvbrazilusa.com\/pt\/wp-json\/wp\/v2\/posts\/54985","targetHints":{"allow":["GET"]}}],"collection":[{"href":"https:\/\/tvbrazilusa.com\/pt\/wp-json\/wp\/v2\/posts"}],"about":[{"href":"https:\/\/tvbrazilusa.com\/pt\/wp-json\/wp\/v2\/types\/post"}],"author":[{"embeddable":true,"href":"https:\/\/tvbrazilusa.com\/pt\/wp-json\/wp\/v2\/users\/1"}],"replies":[{"embeddable":true,"href":"https:\/\/tvbrazilusa.com\/pt\/wp-json\/wp\/v2\/comments?post=54985"}],"version-history":[{"count":1,"href":"https:\/\/tvbrazilusa.com\/pt\/wp-json\/wp\/v2\/posts\/54985\/revisions"}],"predecessor-version":[{"id":54987,"href":"https:\/\/tvbrazilusa.com\/pt\/wp-json\/wp\/v2\/posts\/54985\/revisions\/54987"}],"wp:featuredmedia":[{"embeddable":true,"href":"https:\/\/tvbrazilusa.com\/pt\/wp-json\/wp\/v2\/media\/54986"}],"wp:attachment":[{"href":"https:\/\/tvbrazilusa.com\/pt\/wp-json\/wp\/v2\/media?parent=54985"}],"wp:term":[{"taxonomy":"category","embeddable":true,"href":"https:\/\/tvbrazilusa.com\/pt\/wp-json\/wp\/v2\/categories?post=54985"},{"taxonomy":"post_tag","embeddable":true,"href":"https:\/\/tvbrazilusa.com\/pt\/wp-json\/wp\/v2\/tags?post=54985"}],"curies":[{"name":"wp","href":"https:\/\/api.w.org\/{rel}","templated":true}]}}