{"id":54988,"date":"2024-11-05T14:05:07","date_gmt":"2024-11-05T14:05:07","guid":{"rendered":"https:\/\/tvbrazilusa.com\/2024\/11\/05\/renan-filho-fica-na-mira-da-camara-apos-afirmar-que-traficantes-preferem-os-portos-do-brasil\/"},"modified":"2024-11-05T14:05:08","modified_gmt":"2024-11-05T14:05:08","slug":"renan-filho-fica-na-mira-da-camara-apos-afirmar-que-traficantes-preferem-os-portos-do-brasil","status":"publish","type":"post","link":"https:\/\/tvbrazilusa.com\/pt\/2024\/11\/05\/renan-filho-fica-na-mira-da-camara-apos-afirmar-que-traficantes-preferem-os-portos-do-brasil\/","title":{"rendered":"Renan Filho fica na mira da C\u00e2mara ap\u00f3s afirmar que &#8216;traficantes&#8217; preferem os portos do Brasil."},"content":{"rendered":"<p> <script async src=\"https:\/\/pagead2.googlesyndication.com\/pagead\/js\/adsbygoogle.js?client=ca-pub-8864793242727901\"\r\n     crossorigin=\"anonymous\"><\/script><br \/>\n<\/p>\n<div id=\"taboola-read-more\" style=\"display:block; width:100%\">\n<p>O ministro dos Transportes, Renan Filho (MDB), \u00e9 alvo de um pedido de convoca\u00e7\u00e3o de deputados de oposi\u00e7\u00e3o ao governo Lula ap\u00f3s ter afirmado, em entrevista \u00e0 BBC News, que os traficantes de drogas preferem a \u2018infraestrutura\u2019 portu\u00e1ria e aeroportu\u00e1ria brasileira.\n<\/p>\n<p>Durante viagem na Europa na semana passada, o ministro concedeu entrevista \u00e0 BBC News para falar sobre os projetos de ferrovias e rodovias brasileiras. No entanto, ao defender a estrutura brasileira, o emedebista soltou a seguinte p\u00e9rola:<\/p>\n<p>O ministro dos Transportes, Renan Filho (MDB), \u00e9 alvo de um pedido de convoca\u00e7\u00e3o de deputados de oposi\u00e7\u00e3o ao governo Lula ap\u00f3s ter afirmado, em entrevista \u00e0 BBC News, que os traficantes de drogas preferem a \u2018infraestrutura\u2019 portu\u00e1ria e aeroportu\u00e1ria brasileira.\n<\/p>\n<p>Durante viagem na Europa na semana passada, o ministro concedeu entrevista \u00e0 BBC News para falar sobre os projetos de ferrovias e rodovias brasileiras. No entanto, ao defender a estrutura brasileira, o emedebista soltou a seguinte p\u00e9rola:\n<\/p>\n<p>\u201cA droga inunda o Brasil por qu\u00ea? Para acessar a nossa infraestrutura para ir para o mundo, porque os nossos portos e aeroportos s\u00e3o melhores. Eles n\u00e3o mandam droga pelos portos da Argentina, [l\u00e1] n\u00e3o tem porto. Mandam drogas pelos portos brasileiros para c\u00e1 [Europa], que tamb\u00e9m s\u00e3o grandes consumidores.\u201d\n<\/p>\n<p>O ministro complementou: \u201cE por que eles usam a nossa infraestrutura? Porque ela \u00e9 melhor, se n\u00e3o ia pela Col\u00f4mbia mesmo, j\u00e1 produz ali e j\u00e1 mete no Pac\u00edfico, no Atl\u00e2ntico, que eles t\u00eam passagem para os dois lados, e manda para os Estados Unidos. Eles mandam tamb\u00e9m um pouquinho de avi\u00e3o, mas o Paraguai e a Bol\u00edvia mandam tudo para o Brasil\u201d.\n<\/p>\n<p><strong>Explica\u00e7\u00e3o urgente<\/strong><br \/>O deputado Rodolfo Nogueira (PL-MS) declarou, no pedido de convoca\u00e7\u00e3o, que \u00e9 necess\u00e1ria uma explica\u00e7\u00e3o urgente do auxiliar do presidente Lula.\n<\/p>\n<p>\u201cA afirma\u00e7\u00e3o do ministro Renan Filho levanta quest\u00f5es relacionadas \u00e0 seguran\u00e7a p\u00fablica e ao combate ao crime organizado. Em sua fala, o ministro destacou que a posi\u00e7\u00e3o estrat\u00e9gica do Brasil, aliada \u00e0 qualidade de seus portos e aeroportos, faz com que os criminosos escolham rotas brasileiras para o escoamento de entorpecentes destinados aos mercados internacionais, como os da Europa e dos Estados Unidos\u201d, declarou o parlamentar.\n<\/p>\n<p>\u201cA convoca\u00e7\u00e3o do ministro \u00e9 fundamental para que ele explique, com detalhes, os dados que embasaram sua afirma\u00e7\u00e3o, al\u00e9m de fornecer informa\u00e7\u00f5es sobre as medidas que o Minist\u00e9rio dos Transportes est\u00e1 adotando ou pretende implementar para reduzir o uso de portos e aeroportos brasileiros pelo crime organizado\u201d, acrescentou.<\/p>\n<p>Fonte: O antagonista              <\/p>\n<\/div>\n<p><br \/>\n<br \/><a href=\"https:\/\/diariodobrasilnoticias.com.br\/noticia\/renan-filho-fica-na-mira-da-camara-apos-afirmar-que-traficantes-preferem-os-portos-do-brasil-6729fae4e6221\">Source link <\/a><\/p>","protected":false},"excerpt":{"rendered":"<p>O ministro dos Transportes, Renan Filho (MDB), \u00e9 alvo de um pedido de convoca\u00e7\u00e3o de deputados de oposi\u00e7\u00e3o ao governo Lula ap\u00f3s ter afirmado, em entrevista \u00e0 BBC News, que&hellip;<\/p>","protected":false},"author":1,"featured_media":54989,"comment_status":"closed","ping_status":"open","sticky":false,"template":"","format":"standard","meta":{"content-type":"","footnotes":""},"categories":[16],"tags":[123,2448,5313,1267],"class_list":["post-54988","post","type-post","status-publish","format-standard","has-post-thumbnail","hentry","category-noticias","tag-brasil","tag-diario","tag-noticia","tag-noticias"],"_links":{"self":[{"href":"https:\/\/tvbrazilusa.com\/pt\/wp-json\/wp\/v2\/posts\/54988","targetHints":{"allow":["GET"]}}],"collection":[{"href":"https:\/\/tvbrazilusa.com\/pt\/wp-json\/wp\/v2\/posts"}],"about":[{"href":"https:\/\/tvbrazilusa.com\/pt\/wp-json\/wp\/v2\/types\/post"}],"author":[{"embeddable":true,"href":"https:\/\/tvbrazilusa.com\/pt\/wp-json\/wp\/v2\/users\/1"}],"replies":[{"embeddable":true,"href":"https:\/\/tvbrazilusa.com\/pt\/wp-json\/wp\/v2\/comments?post=54988"}],"version-history":[{"count":1,"href":"https:\/\/tvbrazilusa.com\/pt\/wp-json\/wp\/v2\/posts\/54988\/revisions"}],"predecessor-version":[{"id":54990,"href":"https:\/\/tvbrazilusa.com\/pt\/wp-json\/wp\/v2\/posts\/54988\/revisions\/54990"}],"wp:featuredmedia":[{"embeddable":true,"href":"https:\/\/tvbrazilusa.com\/pt\/wp-json\/wp\/v2\/media\/54989"}],"wp:attachment":[{"href":"https:\/\/tvbrazilusa.com\/pt\/wp-json\/wp\/v2\/media?parent=54988"}],"wp:term":[{"taxonomy":"category","embeddable":true,"href":"https:\/\/tvbrazilusa.com\/pt\/wp-json\/wp\/v2\/categories?post=54988"},{"taxonomy":"post_tag","embeddable":true,"href":"https:\/\/tvbrazilusa.com\/pt\/wp-json\/wp\/v2\/tags?post=54988"}],"curies":[{"name":"wp","href":"https:\/\/api.w.org\/{rel}","templated":true}]}}