{"id":54994,"date":"2024-11-05T14:31:41","date_gmt":"2024-11-05T14:31:41","guid":{"rendered":"https:\/\/tvbrazilusa.com\/2024\/11\/05\/internautas-resgatam-posts-de-apoiadores-da-esquerda-culpando-bolsonaro-pela-alta-do-dolar-durante-a-pandemia\/"},"modified":"2024-11-05T14:31:43","modified_gmt":"2024-11-05T14:31:43","slug":"internautas-resgatam-posts-de-apoiadores-da-esquerda-culpando-bolsonaro-pela-alta-do-dolar-durante-a-pandemia","status":"publish","type":"post","link":"https:\/\/tvbrazilusa.com\/pt\/2024\/11\/05\/internautas-resgatam-posts-de-apoiadores-da-esquerda-culpando-bolsonaro-pela-alta-do-dolar-durante-a-pandemia\/","title":{"rendered":"Internautas resgatam posts de apoiadores da esquerda culpando Bolsonaro pela alta do d\u00f3lar durante a pandemia."},"content":{"rendered":"<p> <script async src=\"https:\/\/pagead2.googlesyndication.com\/pagead\/js\/adsbygoogle.js?client=ca-pub-8864793242727901\"\r\n     crossorigin=\"anonymous\"><\/script><br \/>\n<\/p>\n<div id=\"taboola-read-more\" style=\"display:block; width:100%\">\n<p>Ministros do governo Luiz In\u00e1cio Lula da Silva (PT) usaram o X\/Twitter para criticar a cota\u00e7\u00e3o do d\u00f3lar durante a gest\u00e3o do ex-presidente Jair Bolsonaro (PL), quando a moeda norte-americana ultrapassou a marca de R$ 4. Atualmente, com o d\u00f3lar fechando a R$ 5,87 na sexta-feira (1\u00ba), a desvaloriza\u00e7\u00e3o do real se acentuou, tornando-o a s\u00e9tima moeda que mais perdeu valor em rela\u00e7\u00e3o ao d\u00f3lar em 2024.\n<\/p>\n<p>Desde ent\u00e3o, internautas come\u00e7aram a resgatar as cr\u00edticas da esquerda durante o governo Bolsonaro. A ministra do Planejamento e Or\u00e7amento, Simone Tebet, por exemplo, declarou em junho de 2022 que a instabilidade pol\u00edtica e jur\u00eddica do governo era a causa da alta do d\u00f3lar, que ultrapassava R$ 5. Ela n\u00e3o foi a \u00fanica a se manifestar; outros ministros, como Paulo Pimenta (Secom) e Paulo Teixeira (Desenvolvimento Agr\u00e1rio), tamb\u00e9m se posicionaram contra a valoriza\u00e7\u00e3o do d\u00f3lar na \u00e9poca, direcionando suas cr\u00edticas, principalmente, ao ex-ministro da Economia, Paulo Guedes.<\/p>\n<p>Pimenta fez publica\u00e7\u00f5es inflamadas, como a de mar\u00e7o de 2020, quando comentou que o d\u00f3lar havia superado R$ 4,60, e em 2019, quando disse que a fuga de d\u00f3lares do Brasil era a maior dos \u00faltimos 20 anos. Ele ainda ironizou Guedes, que havia alertado sobre o risco de o d\u00f3lar chegar a R$ 5.\n<\/p>\n<p>Por sua vez, Paulo Teixeira criticou a cota\u00e7\u00e3o do d\u00f3lar em 2020, mencionando que o valor havia disparado, e apontou a hipocrisia dos \u201cBolsominions\u201d que antes criticavam o d\u00f3lar a R$ 4,00. O ministro da Previd\u00eancia Social, Carlos Lupi, tamb\u00e9m expressou sua indigna\u00e7\u00e3o, alegando que Guedes lucrou com a desvaloriza\u00e7\u00e3o do real, enquanto os brasileiros enfrentavam dificuldades financeiras.\n<\/p>\n<p>Anielle Franco, ministra dos Direitos Humanos, e Luciana Santos, ministra da Ci\u00eancia, Tecnologia e Inova\u00e7\u00e3o, tamb\u00e9m se uniram \u00e0s vozes cr\u00edticas, mencionando como o d\u00f3lar alto se tornou um dos principais problemas do Brasil. Santos, em particular, afirmou que a gest\u00e3o de Bolsonaro e Guedes estava queimando as reservas internacionais e destruindo o patrim\u00f4nio brasileiro.\n<\/p>\n<p>Fonte: Conex\u00e3o Pol\u00edtica              <\/p>\n<\/div>\n<p><br \/>\n<br \/><a href=\"https:\/\/diariodobrasilnoticias.com.br\/noticia\/internautas-resgatam-posts-de-apoiadores-da-esquerda-culpando-bolsonaro-pela-alta-do-dolar-durante-a-pandemia-672a1261d1768\">Source link <\/a><\/p>","protected":false},"excerpt":{"rendered":"<p>Ministros do governo Luiz In\u00e1cio Lula da Silva (PT) usaram o X\/Twitter para criticar a cota\u00e7\u00e3o do d\u00f3lar durante a gest\u00e3o do ex-presidente Jair Bolsonaro (PL), quando a moeda norte-americana&hellip;<\/p>","protected":false},"author":1,"featured_media":54995,"comment_status":"closed","ping_status":"open","sticky":false,"template":"","format":"standard","meta":{"content-type":"","footnotes":""},"categories":[16],"tags":[123,2448,5313,1267],"class_list":["post-54994","post","type-post","status-publish","format-standard","has-post-thumbnail","hentry","category-noticias","tag-brasil","tag-diario","tag-noticia","tag-noticias"],"_links":{"self":[{"href":"https:\/\/tvbrazilusa.com\/pt\/wp-json\/wp\/v2\/posts\/54994","targetHints":{"allow":["GET"]}}],"collection":[{"href":"https:\/\/tvbrazilusa.com\/pt\/wp-json\/wp\/v2\/posts"}],"about":[{"href":"https:\/\/tvbrazilusa.com\/pt\/wp-json\/wp\/v2\/types\/post"}],"author":[{"embeddable":true,"href":"https:\/\/tvbrazilusa.com\/pt\/wp-json\/wp\/v2\/users\/1"}],"replies":[{"embeddable":true,"href":"https:\/\/tvbrazilusa.com\/pt\/wp-json\/wp\/v2\/comments?post=54994"}],"version-history":[{"count":1,"href":"https:\/\/tvbrazilusa.com\/pt\/wp-json\/wp\/v2\/posts\/54994\/revisions"}],"predecessor-version":[{"id":54996,"href":"https:\/\/tvbrazilusa.com\/pt\/wp-json\/wp\/v2\/posts\/54994\/revisions\/54996"}],"wp:featuredmedia":[{"embeddable":true,"href":"https:\/\/tvbrazilusa.com\/pt\/wp-json\/wp\/v2\/media\/54995"}],"wp:attachment":[{"href":"https:\/\/tvbrazilusa.com\/pt\/wp-json\/wp\/v2\/media?parent=54994"}],"wp:term":[{"taxonomy":"category","embeddable":true,"href":"https:\/\/tvbrazilusa.com\/pt\/wp-json\/wp\/v2\/categories?post=54994"},{"taxonomy":"post_tag","embeddable":true,"href":"https:\/\/tvbrazilusa.com\/pt\/wp-json\/wp\/v2\/tags?post=54994"}],"curies":[{"name":"wp","href":"https:\/\/api.w.org\/{rel}","templated":true}]}}