{"id":54997,"date":"2024-11-05T14:44:29","date_gmt":"2024-11-05T14:44:29","guid":{"rendered":"https:\/\/tvbrazilusa.com\/2024\/11\/05\/o-inadmissivel-odio-contra-jojo-todynho-escala-e-depois-de-uma-empresa-de-cosmeticos-agora-foi-a-vez-da-escola-de-samba-mocidade-boicotar-a-cantora\/"},"modified":"2024-11-05T14:44:30","modified_gmt":"2024-11-05T14:44:30","slug":"o-inadmissivel-odio-contra-jojo-todynho-escala-e-depois-de-uma-empresa-de-cosmeticos-agora-foi-a-vez-da-escola-de-samba-mocidade-boicotar-a-cantora","status":"publish","type":"post","link":"https:\/\/tvbrazilusa.com\/pt\/2024\/11\/05\/o-inadmissivel-odio-contra-jojo-todynho-escala-e-depois-de-uma-empresa-de-cosmeticos-agora-foi-a-vez-da-escola-de-samba-mocidade-boicotar-a-cantora\/","title":{"rendered":"O inadmiss\u00edvel \u00f3dio contra Jojo Todynho escala e depois de uma empresa de cosm\u00e9ticos agora foi a vez da escola de samba Mocidade boicotar a cantora"},"content":{"rendered":"<p> <script async src=\"https:\/\/pagead2.googlesyndication.com\/pagead\/js\/adsbygoogle.js?client=ca-pub-8864793242727901\"\r\n     crossorigin=\"anonymous\"><\/script><br \/>\n<\/p>\n<div id=\"taboola-read-more\" style=\"display:block; width:100%\">\n<p>Recentemente, a cantora Jojo Todynho, figura conhecida no cen\u00e1rio musical brasileiro, declarou-se abertamente como &#8220;mulher preta e de direita&#8221;. Este posicionamento desencadeou uma s\u00e9rie de rea\u00e7\u00f5es que colocam em evid\u00eancia quest\u00f5es profundas sobre intoler\u00e2ncia, preconceito e a pr\u00e1tica do cancelamento cultural por parte de setores que se autodenominam progressistas.\n<\/p>\n<p>A execra\u00e7\u00e3o p\u00fablica de Jojo Todynho n\u00e3o se restringiu ao ambiente digital. Uma empresa de cosm\u00e9ticos, que se posiciona como progressista, decidiu n\u00e3o renovar o contrato com a cantora, o que pode ser visto como uma forma de boicote. Esse movimento n\u00e3o \u00e9 isolado; a escola de samba Mocidade tamb\u00e9m confirmou a sa\u00edda de Jojo Todynho, indicando que mesmo em espa\u00e7os culturais, a coer\u00eancia ideol\u00f3gica \u00e9 exigida de maneira quase punitiva. Isso levanta uma quest\u00e3o crucial: at\u00e9 que ponto o alinhamento pol\u00edtico deve ditar a aceita\u00e7\u00e3o ou rejei\u00e7\u00e3o de um indiv\u00edduo na sociedade ou no mercado?<\/p>\n<p>Para muitos ativistas de esquerda, Jojo Todynho parece n\u00e3o preencher os requisitos esperados para algu\u00e9m de sua condi\u00e7\u00e3o social e racial. A l\u00f3gica parece ser que, por ser negra e oriunda de uma comunidade carente, ela deveria, por \u201c\u00f3bvio\u201d, aderir \u00e0s pautas progressistas. Essa expectativa revela um sectarismo preocupante, onde a diversidade de pensamento dentro de grupos considerados como minorias n\u00e3o \u00e9 apenas desencorajada, mas punida. A esquerda, que frequentemente defende a diversidade e a inclus\u00e3o, parece aqui ter um crit\u00e9rio seletivo quando se trata de ideologias que divergem das suas.\n<\/p>\n<p>Jojo Todynho tem sido alvo de discursos de \u00f3dio, algo que ironicamente \u00e9 frequentemente apontado pela esquerda como uma t\u00e1tica direitista. Este fen\u00f4meno exp\u00f5e uma hipocrisia palp\u00e1vel: enquanto acusa a direita de promover intoler\u00e2ncia, a pr\u00f3pria esquerda, em certas ocasi\u00f5es, mostra-se capaz de semelhante intoler\u00e2ncia. A cr\u00edtica aqui n\u00e3o \u00e9 sobre a validade das posi\u00e7\u00f5es pol\u00edticas, mas sobre o m\u00e9todo de repress\u00e3o ao pensamento divergente, que deveria ser an\u00e1tema para qualquer movimento que se preze pela liberdade de express\u00e3o.\n<\/p>\n<p>O caso de Jojo Todynho serve como um espelho para a sociedade brasileira e para o debate pol\u00edtico mais amplo. Ele revela que a pr\u00e1tica de cancelar e execrar publicamente pode vir de qualquer espectro pol\u00edtico, n\u00e3o sendo exclusividade de um lado ou de outro. A sociedade precisa refletir sobre como podemos discutir e discordar sem recorrer ao silenciamento ou \u00e0 puni\u00e7\u00e3o de quem pensa diferente. A verdadeira diversidade inclui a diversidade de pensamento, e a verdadeira inclus\u00e3o deve acolher todos, n\u00e3o apenas aqueles que se alinham com uma ideologia espec\u00edfica.\n<\/p>\n<p>Afinal, a democracia e o debate saud\u00e1vel n\u00e3o sobrevivem em um ambiente onde a discord\u00e2ncia \u00e9 tratada como heresia. \u00c9 imperativo que, ao buscarmos uma sociedade mais justa e inclusiva, n\u00e3o nos tornemos n\u00f3s mesmos os opressores daqueles que n\u00e3o compartilham completamente de nossas vis\u00f5es de mundo.\n<\/p>\n<p>J\u00fanior Melo              <\/p>\n<\/div>\n<p><br \/>\n<br \/><a href=\"https:\/\/diariodobrasilnoticias.com.br\/noticia\/o-inadmissivel-odio-contra-jojo-todynho-escala-e-depois-da-avon-agora-foi-a-vez-da-escola-de-samba-mocidade-boicotar-a-cantora-672a117dda9ea\">Source link <\/a><\/p>","protected":false},"excerpt":{"rendered":"<p>Recentemente, a cantora Jojo Todynho, figura conhecida no cen\u00e1rio musical brasileiro, declarou-se abertamente como &#8220;mulher preta e de direita&#8221;. Este posicionamento desencadeou uma s\u00e9rie de rea\u00e7\u00f5es que colocam em evid\u00eancia&hellip;<\/p>","protected":false},"author":1,"featured_media":54998,"comment_status":"closed","ping_status":"open","sticky":false,"template":"","format":"standard","meta":{"content-type":"","footnotes":""},"categories":[16],"tags":[123,2448,5313,1267],"class_list":["post-54997","post","type-post","status-publish","format-standard","has-post-thumbnail","hentry","category-noticias","tag-brasil","tag-diario","tag-noticia","tag-noticias"],"_links":{"self":[{"href":"https:\/\/tvbrazilusa.com\/pt\/wp-json\/wp\/v2\/posts\/54997","targetHints":{"allow":["GET"]}}],"collection":[{"href":"https:\/\/tvbrazilusa.com\/pt\/wp-json\/wp\/v2\/posts"}],"about":[{"href":"https:\/\/tvbrazilusa.com\/pt\/wp-json\/wp\/v2\/types\/post"}],"author":[{"embeddable":true,"href":"https:\/\/tvbrazilusa.com\/pt\/wp-json\/wp\/v2\/users\/1"}],"replies":[{"embeddable":true,"href":"https:\/\/tvbrazilusa.com\/pt\/wp-json\/wp\/v2\/comments?post=54997"}],"version-history":[{"count":1,"href":"https:\/\/tvbrazilusa.com\/pt\/wp-json\/wp\/v2\/posts\/54997\/revisions"}],"predecessor-version":[{"id":54999,"href":"https:\/\/tvbrazilusa.com\/pt\/wp-json\/wp\/v2\/posts\/54997\/revisions\/54999"}],"wp:featuredmedia":[{"embeddable":true,"href":"https:\/\/tvbrazilusa.com\/pt\/wp-json\/wp\/v2\/media\/54998"}],"wp:attachment":[{"href":"https:\/\/tvbrazilusa.com\/pt\/wp-json\/wp\/v2\/media?parent=54997"}],"wp:term":[{"taxonomy":"category","embeddable":true,"href":"https:\/\/tvbrazilusa.com\/pt\/wp-json\/wp\/v2\/categories?post=54997"},{"taxonomy":"post_tag","embeddable":true,"href":"https:\/\/tvbrazilusa.com\/pt\/wp-json\/wp\/v2\/tags?post=54997"}],"curies":[{"name":"wp","href":"https:\/\/api.w.org\/{rel}","templated":true}]}}