{"id":55000,"date":"2024-11-05T14:31:54","date_gmt":"2024-11-05T14:31:54","guid":{"rendered":"https:\/\/tvbrazilusa.com\/2024\/11\/05\/rafael-alcancara-a-forca-do-furacao-ao-passar-por-keys-fl-impact\/"},"modified":"2024-11-05T14:52:48","modified_gmt":"2024-11-05T14:52:48","slug":"rafael-alcancara-a-forca-do-furacao-ao-passar-por-keys-fl-impact","status":"publish","type":"post","link":"https:\/\/tvbrazilusa.com\/pt\/2024\/11\/05\/rafael-alcancara-a-forca-do-furacao-ao-passar-por-keys-fl-impact\/","title":{"rendered":"Rafael alcan\u00e7ar\u00e1 a for\u00e7a do furac\u00e3o ao passar por Keys: FL Impact"},"content":{"rendered":"<p> <script async src=\"https:\/\/pagead2.googlesyndication.com\/pagead\/js\/adsbygoogle.js?client=ca-pub-8864793242727901\"\r\n     crossorigin=\"anonymous\"><\/script><br \/>\n<\/p>\n<div>\n<p>FL\u00d3RIDA \u2013 Espera-se que a tempestade tropical Rafael atinja a intensidade de quase um furac\u00e3o quando passar perto ou sobre as Ilhas Cayman na noite de ter\u00e7a-feira, de acordo com <a href=\"https:\/\/www.nhc.noaa.gov\/\" target=\"_blank\" rel=\"nofollow noopener\">o Centro Nacional de Furac\u00f5es<\/a>. <\/p>\n<\/div>\n<div>\n<p>E a previs\u00e3o \u00e9 que atinja o oeste de Cuba na manh\u00e3 de quarta-feira como uma tempestade de categoria 1 ou 2, <a href=\"https:\/\/www.accuweather.com\/en\/hurricane\/tropical-storm-rafael-to-become-hurricane-threaten-us-by-weekend\/1709787?partner=web_patch_adc\" target=\"_blank\" rel=\"nofollow noopener\">Geordan Lewis, meteorologista da AccuWeather, disse<\/a>. <\/p>\n<p>\u201cVentos prejudiciais com a for\u00e7a de um furac\u00e3o, uma tempestade perigosa e ondas destrutivas s\u00e3o esperados\u201d \u00e0 medida que se move pelo Caribe, disseram os meteorologistas. <\/p>\n<\/div>\n<div>\n<p>Um alerta de furac\u00e3o est\u00e1 em vigor para toda a regi\u00e3o, disse o NHC. <\/p>\n<p>Ao sair do Caribe, Rafael entrar\u00e1 no Golfo do M\u00e9xico e atingir\u00e1 a costa em algum lugar ao longo da costa do Golfo dos EUA neste fim de semana, embora perca um pouco de sua intensidade \u00e0 medida que se move para \u00e1guas mais frias e atinge mais cisalhamento do vento, de acordo com o AccuWeather.<\/p>\n<\/div>\n<div>\n<p>Condi\u00e7\u00f5es de tempestade tropical s\u00e3o esperadas na Jamaica at\u00e9 o in\u00edcio da tarde de ter\u00e7a-feira e s\u00e3o poss\u00edveis em Lower e Middle Florida Keys ainda na quarta-feira, disseram os meteorologistas do NHC. <\/p>\n<p>\u00c9 dif\u00edcil determinar a trajet\u00f3ria e a intensidade de Rafael quando ele se move para o Golfo, disseram os meteorologistas. <\/p>\n<\/div>\n<div>\n<p>\u201cA maior probabilidade de chegada ao continente ocorre ao longo da costa central da Louisiana. No entanto, uma vez que as brisas direccionais podem mudar um pouco no final desta semana e neste fim de semana devido \u00e0 aproxima\u00e7\u00e3o de uma tempestade n\u00e3o tropical vinda do centro-sul dos EUA, h\u00e1 uma ampla janela sobre onde ocorrer\u00e1 o landfall. Essa zona potencial de desembarque se estende do Panhandle da Fl\u00f3rida at\u00e9 a costa do Texas\u201d, disse AccuWeather.<\/p>\n<p>\u201cH\u00e1 muita incerteza em rela\u00e7\u00e3o \u00e0 trajet\u00f3ria no Golfo\u201d, disse Denis Phillips, meteorologista-chefe da ABC Action News. <a href=\"https:\/\/www.facebook.com\/denisphillipsweatherman\/\" target=\"_blank\" rel=\"nofollow noopener\">escreveu em uma postagem no Facebook<\/a>. \u201cSe a tempestade avan\u00e7ar mais (noroeste) no Golfo, encontrar\u00e1 fortes cisalhamentos de vento que enfraquecer\u00e3o significativamente a tempestade. Qualquer pessoa, do Panhandle ao Texas, ainda precisa observar Rafael de perto.\u201d<\/p>\n<\/div>\n<div>\n<p>A Fl\u00f3rida provavelmente n\u00e3o ver\u00e1 muito impacto da tempestade, que dever\u00e1 permanecer no mar, disse Paul Dellegatto, da Fox 13. <\/p>\n<p>\u201cA parte mais importante da previs\u00e3o \u00e9 que a crista de alta press\u00e3o\u2026 permane\u00e7a forte \u2013 o que, em ess\u00eancia, impedir\u00e1 que Rafael se aproxime o suficiente da Fl\u00f3rida para nos trazer impactos significativos\u201d, <a href=\"https:\/\/www.facebook.com\/paul.dellegattofox\/\" rel=\"nofollow noopener\" target=\"_blank\">ele escreveu em uma postagem no Facebook<\/a>. \u201cOs modelos continuam a concordar que isso realmente acontecer\u00e1. Os sistemas tropicais que se afastam da nossa costa oeste, sem ficarem paralelos ou aproximando-se da nossa costa oeste, normalmente trazem impactos m\u00ednimos, ou mesmo algum. Este provavelmente ser\u00e1 o caso de Rafael.\u201d<\/p>\n<p>Partes da costa oeste da Fl\u00f3rida ter\u00e3o maiores chances de chuva na quarta e quinta-feira, \u201cmas os ventos permanecer\u00e3o sob controle e a maior parte dos impactos marinhos permanecer\u00e3o no mar\u201d, acrescentou Dellegatto.<\/p>\n<\/div>\n<p><br \/>\n<br \/><a href=\"http:\/\/patch.com\/florida\/sarasota\/rafael-become-hurricane-time-it-reaches-cuba-forecasters?utm_source=article-mostrecent&#038;utm_medium=rss&#038;utm_term=weather&#038;utm_campaign=recirc&#038;utm_content=aol\">Source link <\/a><\/p>","protected":false},"excerpt":{"rendered":"<p>FL\u00d3RIDA \u2013 Espera-se que a tempestade tropical Rafael atinja a intensidade de quase um furac\u00e3o quando passar perto ou sobre as Ilhas Cayman na noite de ter\u00e7a-feira, de acordo com&hellip;<\/p>","protected":false},"author":1,"featured_media":55001,"comment_status":"closed","ping_status":"open","sticky":false,"template":"","format":"standard","meta":{"content-type":"","footnotes":""},"categories":[1],"tags":[],"class_list":["post-55000","post","type-post","status-publish","format-standard","has-post-thumbnail","hentry","category-uncategorized"],"_links":{"self":[{"href":"https:\/\/tvbrazilusa.com\/pt\/wp-json\/wp\/v2\/posts\/55000","targetHints":{"allow":["GET"]}}],"collection":[{"href":"https:\/\/tvbrazilusa.com\/pt\/wp-json\/wp\/v2\/posts"}],"about":[{"href":"https:\/\/tvbrazilusa.com\/pt\/wp-json\/wp\/v2\/types\/post"}],"author":[{"embeddable":true,"href":"https:\/\/tvbrazilusa.com\/pt\/wp-json\/wp\/v2\/users\/1"}],"replies":[{"embeddable":true,"href":"https:\/\/tvbrazilusa.com\/pt\/wp-json\/wp\/v2\/comments?post=55000"}],"version-history":[{"count":1,"href":"https:\/\/tvbrazilusa.com\/pt\/wp-json\/wp\/v2\/posts\/55000\/revisions"}],"predecessor-version":[{"id":55002,"href":"https:\/\/tvbrazilusa.com\/pt\/wp-json\/wp\/v2\/posts\/55000\/revisions\/55002"}],"wp:featuredmedia":[{"embeddable":true,"href":"https:\/\/tvbrazilusa.com\/pt\/wp-json\/wp\/v2\/media\/55001"}],"wp:attachment":[{"href":"https:\/\/tvbrazilusa.com\/pt\/wp-json\/wp\/v2\/media?parent=55000"}],"wp:term":[{"taxonomy":"category","embeddable":true,"href":"https:\/\/tvbrazilusa.com\/pt\/wp-json\/wp\/v2\/categories?post=55000"},{"taxonomy":"post_tag","embeddable":true,"href":"https:\/\/tvbrazilusa.com\/pt\/wp-json\/wp\/v2\/tags?post=55000"}],"curies":[{"name":"wp","href":"https:\/\/api.w.org\/{rel}","templated":true}]}}