{"id":55017,"date":"2024-11-05T15:40:03","date_gmt":"2024-11-05T15:40:03","guid":{"rendered":"https:\/\/tvbrazilusa.com\/2024\/11\/05\/justica-determina-que-medica-apague-post-com-fake-news-sobre-cancer-de-mama\/"},"modified":"2024-11-05T15:40:05","modified_gmt":"2024-11-05T15:40:05","slug":"justica-determina-que-medica-apague-post-com-fake-news-sobre-cancer-de-mama","status":"publish","type":"post","link":"https:\/\/tvbrazilusa.com\/pt\/2024\/11\/05\/justica-determina-que-medica-apague-post-com-fake-news-sobre-cancer-de-mama\/","title":{"rendered":"Justi\u00e7a determina que m\u00e9dica apague post com fake news sobre c\u00e2ncer de mama"},"content":{"rendered":"<p> <script async src=\"https:\/\/pagead2.googlesyndication.com\/pagead\/js\/adsbygoogle.js?client=ca-pub-8864793242727901\"\r\n     crossorigin=\"anonymous\"><\/script><br \/>\n<\/p>\n<div id=\"taboola-read-more\" style=\"display:block; width:100%\">\n<p>O Tribunal de Justi\u00e7a do Par\u00e1 determinou, na \u00faltima sexta-feira (1), a retirada das publica\u00e7\u00f5es da ginecologista e mastologista doutora Lana Almeida das redes sociais, ap\u00f3s a divulga\u00e7\u00e3o de afirma\u00e7\u00f5es sobre o c\u00e2ncer de mama consideradas como falsas, segundo o Instituto Nacional de C\u00e2ncer (Inca).\n<\/p>\n<p>Segundo a Justi\u00e7a, o pedido para que Lana apague as publica\u00e7\u00f5es,\u00a0nas quais ela nega a exist\u00eancia do c\u00e2ncer de mama, al\u00e9m de promover tratamentos sem comprova\u00e7\u00e3o cient\u00edfica, partiu do Col\u00e9gio Brasileiro de Radiologia e Diagn\u00f3stico por Imagem.<\/p>\n<p>A a\u00e7\u00e3o civil p\u00fablica, movida pela institui\u00e7\u00e3o, destaca que a m\u00e9dica paraense n\u00e3o possui nenhum registro de especialidade encontrada no Conselho Regional do estado. No entanto, Lana aparece inscrita no Conselho do Par\u00e1 e, segundo o \u00f3rg\u00e3o, foi dado o prazo de 48 horas para ela apresentar os registros nas especialidades m\u00e9dicas.\n<\/p>\n<p>De acordo com a decis\u00e3o, a ju\u00edza Lailce Ana Marron da Silva Cardoso ressaltou que a veicula\u00e7\u00e3o p\u00fablica dos conte\u00fados pela m\u00e9dica n\u00e3o est\u00e3o de acordo com \u201cos fundamentos e legisla\u00e7\u00f5es p\u00e1trias trazidas a discuss\u00e3o, em evidente veicula\u00e7\u00e3o de tratamentos n\u00e3o comprovados e sem a qualifica\u00e7\u00e3o necess\u00e1ria atrav\u00e9s de publicidade\u00a0enganosa ou abusiva, bem como da descredibiliza\u00e7\u00e3o de m\u00e9todos cient\u00edficos reconhecidos, para o tratamento do c\u00e2ncer de mama\u201d.\n<\/p>\n<p>Al\u00e9m disso, a ju\u00edza destacou que o perigo de dano est\u00e1 comprovado n\u00e3o apenas pela conduta inadequada da m\u00e9dica \u2013 uma vez que ela utilizou de suas redes para promover a descredibiliza\u00e7\u00e3o dos m\u00e9todos cient\u00edficos de diagn\u00f3stico e tratamento do c\u00e2ncer de mama -, mas tamb\u00e9m pela indevida divulga\u00e7\u00e3o de m\u00e9todo de tratamento da doen\u00e7a, sem qualquer comprova\u00e7\u00e3o cient\u00edfica.\n<\/p>\n<p>A Justi\u00e7a, al\u00e9m de determinar que a m\u00e9dica retire imediatamente do ar as publica\u00e7\u00f5es, a obrigou a parar de anunciar:\n<\/p>\n<ul>\n<li>qualquer sugest\u00e3o de tratamento para doen\u00e7as que n\u00e3o tenham evid\u00eancia cient\u00edfica,<\/li>\n<li>cura ou m\u00e9todo alternativo para patologias;<\/li>\n<li>que o exame da mamografia \u00e9 prejudicial \u00e0 sa\u00fade.<\/li>\n<\/ul>\n<p>Cardoso destacou que, em caso de descumprimento da decis\u00e3o, a m\u00e9dica fica sujeita ao pagamento de multa di\u00e1ria de R$ 1.500.\n<\/p>\n<p><strong>Relembre o caso<\/strong>\n<\/p>\n<p>Lana Almeida utilizou das suas redes sociais \u2013 atualmente privadas por ela \u2013 para divulgar afirma\u00e7\u00f5es sobre o c\u00e2ncer de mama consideradas como falsas, segundo o Instituto Nacional de C\u00e2ncer (Inca). Nas publica\u00e7\u00f5es, a m\u00e9dica pedia para que os internautas \u201cesquecessem o outubro rosa\u201d, al\u00e9m de fazer diversas afirma\u00e7\u00f5es impr\u00f3prias acerca da doen\u00e7a.\n<\/p>\n<p>\u201cPor isso venho falar para voc\u00eas que c\u00e2ncer de mama n\u00e3o existe ent\u00e3o, esque\u00e7am o outubro rosa, esque\u00e7am mamografia, a mamografia vai causar inflama\u00e7\u00f5es nas mamas. Por que eu falo que c\u00e2ncer de mama n\u00e3o existe? Porque simplesmente o que existe \u00e9 uma inflama\u00e7\u00e3o cr\u00f4nica nas mamas que pode ser inflama\u00e7\u00e3o da tireoide, do rim, do f\u00edgado, em qualquer lugar \u00e9 c\u00e1lcio nas mamas\u201d, declarou ela.\n<\/p>\n<p><strong>CNN<\/strong>              <\/p>\n<\/div>\n<p><br \/>\n<br \/><a href=\"https:\/\/diariodobrasilnoticias.com.br\/noticia\/justica-determina-que-medica-apague-post-com-fake-news-sobre-cancer-de-mama-672a201004507\">Source link <\/a><\/p>","protected":false},"excerpt":{"rendered":"<p>O Tribunal de Justi\u00e7a do Par\u00e1 determinou, na \u00faltima sexta-feira (1), a retirada das publica\u00e7\u00f5es da ginecologista e mastologista doutora Lana Almeida das redes sociais, ap\u00f3s a divulga\u00e7\u00e3o de afirma\u00e7\u00f5es&hellip;<\/p>","protected":false},"author":1,"featured_media":55018,"comment_status":"closed","ping_status":"open","sticky":false,"template":"","format":"standard","meta":{"content-type":"","footnotes":""},"categories":[16],"tags":[123,2448,5313,1267],"class_list":["post-55017","post","type-post","status-publish","format-standard","has-post-thumbnail","hentry","category-noticias","tag-brasil","tag-diario","tag-noticia","tag-noticias"],"_links":{"self":[{"href":"https:\/\/tvbrazilusa.com\/pt\/wp-json\/wp\/v2\/posts\/55017","targetHints":{"allow":["GET"]}}],"collection":[{"href":"https:\/\/tvbrazilusa.com\/pt\/wp-json\/wp\/v2\/posts"}],"about":[{"href":"https:\/\/tvbrazilusa.com\/pt\/wp-json\/wp\/v2\/types\/post"}],"author":[{"embeddable":true,"href":"https:\/\/tvbrazilusa.com\/pt\/wp-json\/wp\/v2\/users\/1"}],"replies":[{"embeddable":true,"href":"https:\/\/tvbrazilusa.com\/pt\/wp-json\/wp\/v2\/comments?post=55017"}],"version-history":[{"count":1,"href":"https:\/\/tvbrazilusa.com\/pt\/wp-json\/wp\/v2\/posts\/55017\/revisions"}],"predecessor-version":[{"id":55019,"href":"https:\/\/tvbrazilusa.com\/pt\/wp-json\/wp\/v2\/posts\/55017\/revisions\/55019"}],"wp:featuredmedia":[{"embeddable":true,"href":"https:\/\/tvbrazilusa.com\/pt\/wp-json\/wp\/v2\/media\/55018"}],"wp:attachment":[{"href":"https:\/\/tvbrazilusa.com\/pt\/wp-json\/wp\/v2\/media?parent=55017"}],"wp:term":[{"taxonomy":"category","embeddable":true,"href":"https:\/\/tvbrazilusa.com\/pt\/wp-json\/wp\/v2\/categories?post=55017"},{"taxonomy":"post_tag","embeddable":true,"href":"https:\/\/tvbrazilusa.com\/pt\/wp-json\/wp\/v2\/tags?post=55017"}],"curies":[{"name":"wp","href":"https:\/\/api.w.org\/{rel}","templated":true}]}}