{"id":55029,"date":"2024-11-05T16:24:17","date_gmt":"2024-11-05T16:24:17","guid":{"rendered":"https:\/\/tvbrazilusa.com\/2024\/11\/05\/preco-da-carne-dispara-e-puxa-inflacao-de-alimentos\/"},"modified":"2024-11-05T16:24:19","modified_gmt":"2024-11-05T16:24:19","slug":"preco-da-carne-dispara-e-puxa-inflacao-de-alimentos","status":"publish","type":"post","link":"https:\/\/tvbrazilusa.com\/pt\/2024\/11\/05\/preco-da-carne-dispara-e-puxa-inflacao-de-alimentos\/","title":{"rendered":"Pre\u00e7o da carne dispara e puxa infla\u00e7\u00e3o de alimentos"},"content":{"rendered":"<p> <script async src=\"https:\/\/pagead2.googlesyndication.com\/pagead\/js\/adsbygoogle.js?client=ca-pub-8864793242727901\"\r\n     crossorigin=\"anonymous\"><\/script><br \/>\n<\/p>\n<div id=\"taboola-read-more\" style=\"display:block; width:100%\">\n<p>A infla\u00e7\u00e3o dos alimentos foi de 1,34% em S\u00e3o Paulo em outubro, a maior taxa mensal deste ano. Os dados foram divulgados pela Funda\u00e7\u00e3o Instituto de Pesquisas Econ\u00f4micas (Fipe) nesta segunda-feira, 4. A m\u00e9dia do indicador foi de 0,8% para o per\u00edodo.\n<\/p>\n<p>O n\u00famero foi puxado principalmente pelas carnes, principalmente a bovina. O pre\u00e7o do boi gordo subiu de forma expressiva no in\u00edcio do m\u00eas e est\u00e1 em R$ 320, segundo o Centro de Estudos Avan\u00e7ados em Economia Aplicada (Cepea).<\/p>\n<p>No total, o pre\u00e7o da carne bovina teve alta de 3,15% em outubro. A menor oferta de bois e exporta\u00e7\u00f5es recordes mant\u00eam os pre\u00e7os da arroba elevados.\n<\/p>\n<p>As vendas externas de carne in natura somaram 236 mil toneladas nas primeiras quatro semanas do m\u00eas passado, 27% a mais do que o mesmo per\u00edodo do ano passado. Se considerada a m\u00e9dia di\u00e1ria, a alta \u00e9 de 40%, de acordo com a Secretaria de Com\u00e9rcio Exterior (Secex). As receitas somam US$ 1,1 bilh\u00e3o.\n<\/p>\n<p>As exporta\u00e7\u00f5es de carne de frango in natura tamb\u00e9m subiram 13% em rela\u00e7\u00e3o ao m\u00eas de outubro de 2023, para 381 mil toneladas, com receitas 22% mais elevadas. As vendas externas de carne su\u00edna foram para 102 mil toneladas no per\u00edodo, com alta de 37% no volume e de 57% nas receitas.\n<\/p>\n<p>Caf\u00e9, \u00f3leo de soja e laranja tamb\u00e9m puxam infla\u00e7\u00e3o de alimentos<br \/>A infla\u00e7\u00e3o dos alimentos tamb\u00e9m foi influenciada pelos pre\u00e7os do caf\u00e9, do \u00f3leo de soja e da laranja.\n<\/p>\n<p>O gr\u00e3o pode ter a safra afetada pelo clima \u2014 tanto no Brasil como no Vietn\u00e3 \u2014 e atingiu pre\u00e7os recordes no campo h\u00e1 algumas semanas. E isso vem se refletindo no varejo.\n<\/p>\n<p>Na soja, a quebra de safra neste ano reduziu a oferta da oleaginosa em um momento em que a demanda interna aumentou, devido \u00e0 maior mistura de biodiesel ao diesel \u2014 e a China n\u00e3o parou de comprar.\n<\/p>\n<p>O \u00f3leo de soja \u00e9 um dos produtos que mais v\u00eam pesando no bolso dos consumidores. De 2019 a 2022, o brasileiro pagou 164% a mais pelo produto nos supermercados.\n<\/p>\n<p>Em 2013, o pre\u00e7o caiu 28% devido \u00e0 queda nos valores externos da soja. Neste ano, no entanto, o produto acumula alta de 12%.\n<\/p>\n<p>Al\u00e9m disso, segundo a Fipe, o suco de laranja est\u00e1 91% mais caro desde janeiro do ano passado, sem um cen\u00e1rio de prov\u00e1vel queda.\n<\/p>\n<p>Doen\u00e7as e clima afetam pomares dos principais pa\u00edses produtores, inclusive no Brasil, que mant\u00e9m a lideran\u00e7a global na produ\u00e7\u00e3o e na exporta\u00e7\u00e3o da commodity.<\/p>\n<p>Fonte: Revista Oeste              <\/p>\n<\/div>\n<p><br \/>\n<br \/><a href=\"https:\/\/diariodobrasilnoticias.com.br\/noticia\/preco-da-carne-dispara-e-puxa-inflacao-de-alimentos-672a21cf73afd\">Source link <\/a><\/p>","protected":false},"excerpt":{"rendered":"<p>A infla\u00e7\u00e3o dos alimentos foi de 1,34% em S\u00e3o Paulo em outubro, a maior taxa mensal deste ano. Os dados foram divulgados pela Funda\u00e7\u00e3o Instituto de Pesquisas Econ\u00f4micas (Fipe) nesta&hellip;<\/p>","protected":false},"author":1,"featured_media":55030,"comment_status":"closed","ping_status":"open","sticky":false,"template":"","format":"standard","meta":{"content-type":"","footnotes":""},"categories":[16],"tags":[123,2448,5313,1267],"class_list":["post-55029","post","type-post","status-publish","format-standard","has-post-thumbnail","hentry","category-noticias","tag-brasil","tag-diario","tag-noticia","tag-noticias"],"_links":{"self":[{"href":"https:\/\/tvbrazilusa.com\/pt\/wp-json\/wp\/v2\/posts\/55029","targetHints":{"allow":["GET"]}}],"collection":[{"href":"https:\/\/tvbrazilusa.com\/pt\/wp-json\/wp\/v2\/posts"}],"about":[{"href":"https:\/\/tvbrazilusa.com\/pt\/wp-json\/wp\/v2\/types\/post"}],"author":[{"embeddable":true,"href":"https:\/\/tvbrazilusa.com\/pt\/wp-json\/wp\/v2\/users\/1"}],"replies":[{"embeddable":true,"href":"https:\/\/tvbrazilusa.com\/pt\/wp-json\/wp\/v2\/comments?post=55029"}],"version-history":[{"count":1,"href":"https:\/\/tvbrazilusa.com\/pt\/wp-json\/wp\/v2\/posts\/55029\/revisions"}],"predecessor-version":[{"id":55031,"href":"https:\/\/tvbrazilusa.com\/pt\/wp-json\/wp\/v2\/posts\/55029\/revisions\/55031"}],"wp:featuredmedia":[{"embeddable":true,"href":"https:\/\/tvbrazilusa.com\/pt\/wp-json\/wp\/v2\/media\/55030"}],"wp:attachment":[{"href":"https:\/\/tvbrazilusa.com\/pt\/wp-json\/wp\/v2\/media?parent=55029"}],"wp:term":[{"taxonomy":"category","embeddable":true,"href":"https:\/\/tvbrazilusa.com\/pt\/wp-json\/wp\/v2\/categories?post=55029"},{"taxonomy":"post_tag","embeddable":true,"href":"https:\/\/tvbrazilusa.com\/pt\/wp-json\/wp\/v2\/tags?post=55029"}],"curies":[{"name":"wp","href":"https:\/\/api.w.org\/{rel}","templated":true}]}}