{"id":5503,"date":"2024-07-22T12:11:12","date_gmt":"2024-07-22T12:11:12","guid":{"rendered":"https:\/\/tvbrazilusa.com\/2024\/07\/22\/economia-veja-a-temperatura-ideal-do-ar-condicionado-para-reduzir-sua-conta-de-energia\/"},"modified":"2024-07-22T12:15:34","modified_gmt":"2024-07-22T12:15:34","slug":"economia-veja-a-temperatura-ideal-do-ar-condicionado-para-reduzir-sua-conta-de-energia","status":"publish","type":"post","link":"https:\/\/tvbrazilusa.com\/pt\/2024\/07\/22\/economia-veja-a-temperatura-ideal-do-ar-condicionado-para-reduzir-sua-conta-de-energia\/","title":{"rendered":"Economia: veja a temperatura ideal do ar-condicionado para reduzir sua conta de energia"},"content":{"rendered":"<p> <script async src=\"https:\/\/pagead2.googlesyndication.com\/pagead\/js\/adsbygoogle.js?client=ca-pub-8864793242727901\"\r\n     crossorigin=\"anonymous\"><\/script><br \/>\n<\/p>\n<div>\n<p>Com as altas temperaturas que enfrentamos, o uso do ar-condicionado <strong>aumenta significativamente<\/strong>, acarretando em elevados custos na conta de luz. Diante deste cen\u00e1rio, especialistas apontam algumas estrat\u00e9gias eficazes para que o consumo de energia seja minimizado sem sacrificar o conforto em nossos lares.<\/p>\n<p>Efetivamente, durante as \u00e9pocas mais quentes do ano, muitos se perguntam como podem manter suas casas frescas sem enfraquecer suas finan\u00e7as. A resposta pode estar em compreender a din\u00e2mica de uso e configura\u00e7\u00e3o desses dispositivos.<\/p>\n<figure class=\"wp-block-image size-full\"><picture decoding=\"async\" class=\"wp-image-159285\"><source type=\"image\/webp\" srcset=\"https:\/\/terrabrasilnoticias.com\/wp-content\/uploads\/2024\/07\/image-675.png.webp 768w, https:\/\/terrabrasilnoticias.com\/wp-content\/uploads\/2024\/07\/image-675-300x182.png.webp 300w, https:\/\/terrabrasilnoticias.com\/wp-content\/uploads\/2024\/07\/image-675-750x455.png.webp 750w\" sizes=\"(max-width: 768px) 100vw, 768px\"\/><\/picture><figcaption class=\"wp-element-caption\"><em>T\u00e9cnico em HVAC (aquecimento, ventila\u00e7\u00e3o e ar condicionado) \u00e9 o respons\u00e1vel por instalar e manter sistemas de climatiza\u00e7\u00e3o em resid\u00eancias e edif\u00edcios. (Foto: Reprodu\u00e7\u00e3o\/Copel)<\/em><\/figcaption><\/figure>\n<h2 class=\"wp-block-heading\">Qual a Temperatura Ideal Para Economizar?<\/h2>\n<p>Em pesquisa recente conduzida por Edval Delbone, engenheiro el\u00e9trico do Instituto Mau\u00e1 de Tecnologia, foi identificado que configurar o ar-condicionado a <strong>23\u00baC<\/strong> \u00e9 ideal tanto para a sa\u00fade humana quanto para a efici\u00eancia energ\u00e9tica. <a href=\"https:\/\/terrabrasilnoticias.com\/2024\/07\/previsao-do-tempo-temperaturas-variam-em-santa-catariana\/\" target=\"_blank\" rel=\"noreferrer noopener\">Temperaturas <\/a>mais baixas exigem que o aparelho trabalhe mais, o que naturalmente leva a um aumento no consumo de energia.<\/p>\n<h2 class=\"wp-block-heading\">Como Utilizar o Ar-Condicionado de Maneira Eficiente?<\/h2>\n<p>Al\u00e9m de ajustar a temperatura a um n\u00edvel \u00f3timo, existem outras medidas que podem ajudar a diminuir o consumo de energia. Uso de tecnologias modernas, como o sistema <strong>\u201cinverter\u201d<\/strong>, e a correta instala\u00e7\u00e3o e manuten\u00e7\u00e3o do aparelho s\u00e3o fundamentais.<\/p>\n<ul class=\"wp-block-list\">\n<li>Evite exposi\u00e7\u00e3o direta ao sol no motor do aparelho.<\/li>\n<li>Use a fun\u00e7\u00e3o <em>timer<\/em> para deslig\u00e1-lo automaticamente.<\/li>\n<li>Evite obst\u00e1culos que bloqueiem a circula\u00e7\u00e3o do ar.<\/li>\n<\/ul>\n<h2 class=\"wp-block-heading\">\u00a0Dicas Adicionais para Reduzir o Impacto na Conta de Luz<\/h2>\n<p>Outra recomenda\u00e7\u00e3o dos especialistas \u00e9 a utiliza\u00e7\u00e3o de cortinas e persianas para <strong>reduzir a incid\u00eancia direta de sol<\/strong> nos ambientes, o que naturalmente diminui a carga t\u00e9rmica interna e, consequentemente, o trabalho do ar-condicionado. Manter janelas e portas fechadas enquanto o dispositivo estiver ligado tamb\u00e9m contribui para a efici\u00eancia.<\/p>\n<p>Por fim, \u00e9 essencial revisar periodicamente o sistema de filtros e realizar a manuten\u00e7\u00e3o preventiva. Esses cuidados garantem n\u00e3o apenas economia na conta de luz, mas tamb\u00e9m um ar mais saud\u00e1vel e um ambiente mais confort\u00e1vel.<\/p>\n<p>Adotar essas pr\u00e1ticas n\u00e3o s\u00f3 contribuir\u00e1 para a sua economia financeira, como tamb\u00e9m favorecer\u00e1 o uso sustent\u00e1vel de recursos. Assim, controlar o uso do ar-condicionado se torna uma a\u00e7\u00e3o beneficente tanto para seu bolso quanto para o planeta.<\/p>\n<\/p><\/div>\n<p><br \/>\n<br \/><a href=\"https:\/\/terrabrasilnoticias.com\/2024\/07\/economia-veja-a-temperatura-ideal-do-ar-condicionado-para-reduzir-sua-conta-de-energia\/\">Source link <\/a><\/p>","protected":false},"excerpt":{"rendered":"<p>Com as altas temperaturas que enfrentamos, o uso do ar-condicionado aumenta significativamente, acarretando em elevados custos na conta de luz. Diante deste cen\u00e1rio, especialistas apontam algumas estrat\u00e9gias eficazes para que&hellip;<\/p>","protected":false},"author":1,"featured_media":5504,"comment_status":"closed","ping_status":"open","sticky":false,"template":"","format":"standard","meta":{"content-type":"","footnotes":""},"categories":[16],"tags":[],"class_list":["post-5503","post","type-post","status-publish","format-standard","has-post-thumbnail","hentry","category-noticias"],"_links":{"self":[{"href":"https:\/\/tvbrazilusa.com\/pt\/wp-json\/wp\/v2\/posts\/5503","targetHints":{"allow":["GET"]}}],"collection":[{"href":"https:\/\/tvbrazilusa.com\/pt\/wp-json\/wp\/v2\/posts"}],"about":[{"href":"https:\/\/tvbrazilusa.com\/pt\/wp-json\/wp\/v2\/types\/post"}],"author":[{"embeddable":true,"href":"https:\/\/tvbrazilusa.com\/pt\/wp-json\/wp\/v2\/users\/1"}],"replies":[{"embeddable":true,"href":"https:\/\/tvbrazilusa.com\/pt\/wp-json\/wp\/v2\/comments?post=5503"}],"version-history":[{"count":1,"href":"https:\/\/tvbrazilusa.com\/pt\/wp-json\/wp\/v2\/posts\/5503\/revisions"}],"predecessor-version":[{"id":5505,"href":"https:\/\/tvbrazilusa.com\/pt\/wp-json\/wp\/v2\/posts\/5503\/revisions\/5505"}],"wp:featuredmedia":[{"embeddable":true,"href":"https:\/\/tvbrazilusa.com\/pt\/wp-json\/wp\/v2\/media\/5504"}],"wp:attachment":[{"href":"https:\/\/tvbrazilusa.com\/pt\/wp-json\/wp\/v2\/media?parent=5503"}],"wp:term":[{"taxonomy":"category","embeddable":true,"href":"https:\/\/tvbrazilusa.com\/pt\/wp-json\/wp\/v2\/categories?post=5503"},{"taxonomy":"post_tag","embeddable":true,"href":"https:\/\/tvbrazilusa.com\/pt\/wp-json\/wp\/v2\/tags?post=5503"}],"curies":[{"name":"wp","href":"https:\/\/api.w.org\/{rel}","templated":true}]}}