{"id":55044,"date":"2024-11-05T17:17:48","date_gmt":"2024-11-05T17:17:48","guid":{"rendered":"https:\/\/tvbrazilusa.com\/2024\/11\/05\/pf-indicia-por-tentativa-de-abolicao-do-estado-acusados-de-ameacar-familia-de-moraes\/"},"modified":"2024-11-05T17:17:50","modified_gmt":"2024-11-05T17:17:50","slug":"pf-indicia-por-tentativa-de-abolicao-do-estado-acusados-de-ameacar-familia-de-moraes","status":"publish","type":"post","link":"https:\/\/tvbrazilusa.com\/pt\/2024\/11\/05\/pf-indicia-por-tentativa-de-abolicao-do-estado-acusados-de-ameacar-familia-de-moraes\/","title":{"rendered":"PF indicia por &#8216;tentativa de aboli\u00e7\u00e3o do Estado&#8217; acusados de amea\u00e7ar fam\u00edlia de Moraes"},"content":{"rendered":"<p> <script async src=\"https:\/\/pagead2.googlesyndication.com\/pagead\/js\/adsbygoogle.js?client=ca-pub-8864793242727901\"\r\n     crossorigin=\"anonymous\"><\/script><br \/>\n<\/p>\n<div id=\"taboola-read-more\" style=\"display:block; width:100%\">\n<p>A Pol\u00edcia Federal (PF) concluiu na \u00faltima segunda-feira, 4, investiga\u00e7\u00f5es sobre amea\u00e7as virtuais \u00e0 fam\u00edlia de Alexandre de Moraes, do Supremo Tribunal Federal (STF). Os irm\u00e3os Raul Fonseca de Oliveira, que \u00e9 fuzileiro naval, e Oliverino de Oliveira J\u00fanior foram indiciados por \u201ctentativa de aboli\u00e7\u00e3o do Estado Democr\u00e1tico de Direito\u201d.\n<\/p>\n<p>Ambos foram para a pris\u00e3o em maio por enviarem 41 e-mails ao trabalho da mulher do ministro. De acordo com a PF, as mensagens mencionavam \u201cplanos de viol\u00eancia\u201d contra os filhos de Moraes, incluindo o uso de metralhadoras e granadas.<\/p>\n<p>\u201cPara perpetrar a a\u00e7\u00e3o, eles [o militar e o irm\u00e3o] criaram duas contas de e-mail e, a partir destas, diversas outras, com intuito de encobrir quem de fato praticava os crimes\u201d, relata o comunicado da PF.\n<\/p>\n<p>A nota tamb\u00e9m afirma que \u201cos indiciados, com emprego de grave amea\u00e7a, buscaram atingir o ministro do STF para, assim, restringir o exercito da atividade jurisdicional, caracterizando o crime de aboli\u00e7\u00e3o ao Estado Democr\u00e1tico de Direito\u201d.\n<\/p>\n<p><strong>Detalhes das amea\u00e7as \u00e0 fam\u00edlia de Alexandre de Moraes<\/strong>\n<\/p>\n<p>A Procuradoria-Geral da Rep\u00fablica destacou que os e-mails citavam \u201ccomunismo\u201d e \u201cantipatriotismo\u201d. Os textos tamb\u00e9m faziam amea\u00e7as \u00e0 vida dos familiares do ministro.\n<\/p>\n<p>Os acusados podem ser pegar uma pena de quatro a oito anos de pris\u00e3o. Eles tamb\u00e9m enfrentam acusa\u00e7\u00f5es de amea\u00e7a e persegui\u00e7\u00e3o, que est\u00e3o sendo apuradas em processos distintos.<\/p>\n<p>Fonte: Revista Oeste              <\/p>\n<\/div>\n<p><br \/>\n<br \/><a href=\"https:\/\/diariodobrasilnoticias.com.br\/noticia\/pf-indicia-por-tentativa-de-abolicao-do-estado-acusados-de-ameacar-familia-de-moraes-672a31494243a\">Source link <\/a><\/p>","protected":false},"excerpt":{"rendered":"<p>A Pol\u00edcia Federal (PF) concluiu na \u00faltima segunda-feira, 4, investiga\u00e7\u00f5es sobre amea\u00e7as virtuais \u00e0 fam\u00edlia de Alexandre de Moraes, do Supremo Tribunal Federal (STF). Os irm\u00e3os Raul Fonseca de Oliveira,&hellip;<\/p>","protected":false},"author":1,"featured_media":55045,"comment_status":"closed","ping_status":"open","sticky":false,"template":"","format":"standard","meta":{"content-type":"","footnotes":""},"categories":[16],"tags":[123,2448,5313,1267],"class_list":["post-55044","post","type-post","status-publish","format-standard","has-post-thumbnail","hentry","category-noticias","tag-brasil","tag-diario","tag-noticia","tag-noticias"],"_links":{"self":[{"href":"https:\/\/tvbrazilusa.com\/pt\/wp-json\/wp\/v2\/posts\/55044","targetHints":{"allow":["GET"]}}],"collection":[{"href":"https:\/\/tvbrazilusa.com\/pt\/wp-json\/wp\/v2\/posts"}],"about":[{"href":"https:\/\/tvbrazilusa.com\/pt\/wp-json\/wp\/v2\/types\/post"}],"author":[{"embeddable":true,"href":"https:\/\/tvbrazilusa.com\/pt\/wp-json\/wp\/v2\/users\/1"}],"replies":[{"embeddable":true,"href":"https:\/\/tvbrazilusa.com\/pt\/wp-json\/wp\/v2\/comments?post=55044"}],"version-history":[{"count":1,"href":"https:\/\/tvbrazilusa.com\/pt\/wp-json\/wp\/v2\/posts\/55044\/revisions"}],"predecessor-version":[{"id":55046,"href":"https:\/\/tvbrazilusa.com\/pt\/wp-json\/wp\/v2\/posts\/55044\/revisions\/55046"}],"wp:featuredmedia":[{"embeddable":true,"href":"https:\/\/tvbrazilusa.com\/pt\/wp-json\/wp\/v2\/media\/55045"}],"wp:attachment":[{"href":"https:\/\/tvbrazilusa.com\/pt\/wp-json\/wp\/v2\/media?parent=55044"}],"wp:term":[{"taxonomy":"category","embeddable":true,"href":"https:\/\/tvbrazilusa.com\/pt\/wp-json\/wp\/v2\/categories?post=55044"},{"taxonomy":"post_tag","embeddable":true,"href":"https:\/\/tvbrazilusa.com\/pt\/wp-json\/wp\/v2\/tags?post=55044"}],"curies":[{"name":"wp","href":"https:\/\/api.w.org\/{rel}","templated":true}]}}