{"id":55056,"date":"2024-11-05T18:02:37","date_gmt":"2024-11-05T18:02:37","guid":{"rendered":"https:\/\/tvbrazilusa.com\/2024\/11\/05\/pacheco-reafirma-apoio-a-alcolumbre-e-evidencia-divisao-no-psd\/"},"modified":"2024-11-05T18:02:38","modified_gmt":"2024-11-05T18:02:38","slug":"pacheco-reafirma-apoio-a-alcolumbre-e-evidencia-divisao-no-psd","status":"publish","type":"post","link":"https:\/\/tvbrazilusa.com\/pt\/2024\/11\/05\/pacheco-reafirma-apoio-a-alcolumbre-e-evidencia-divisao-no-psd\/","title":{"rendered":"Pacheco reafirma apoio a Alcolumbre e evidencia divis\u00e3o no PSD"},"content":{"rendered":"<p> <script async src=\"https:\/\/pagead2.googlesyndication.com\/pagead\/js\/adsbygoogle.js?client=ca-pub-8864793242727901\"\r\n     crossorigin=\"anonymous\"><\/script><br \/>\n<\/p>\n<div id=\"taboola-read-more\" style=\"display:block; width:100%\">\n<p>O presidente do Senado, Rodrigo Pacheco (PSD-MG), confirmou que apoia o candidato \u00e0 presid\u00eancia da Casa Alta Davi Alcolumbre (Uni\u00e3o-AP), nesta ter\u00e7a-feira,05, durante participa\u00e7\u00e3o no evento \u2018Liberdade Econ\u00f4mica\u2019, promovido pelo partido Uni\u00e3o Brasil. \u201cA minha posi\u00e7\u00e3o j\u00e1 \u00e9 conhecida. De apoio a Davi Alcolumbre\u201c, destacou.\n<\/p>\n<p>E acrescentou:<\/p>\n<p>\u201cEu tenho uma prefer\u00eancia pessoal como senador por Minas Gerais, at\u00e9 como presidente do Senado, de apoio ao ex-presidente Davi\u201d.\n<\/p>\n<p>O apoio de Pacheco ao candidato do Uni\u00e3o Brasil, anfitri\u00e3o do evento Liberdade Econ\u00f4mica. provoca um racha em seu partido, o PSD, que deve chancelar a candidatura de Eliziane Gama para disputar a sucess\u00e3o.\n<\/p>\n<p>\u201cA senadora Eliziane tem todos os predicados, tem todo o meu respeito, mas ela pr\u00f3pria reconhece e aceita a minha posi\u00e7\u00e3o de apoio ao senador Davi Alcolumbre por tudo que n\u00f3s constru\u00edmos, pelo fato de eu ter sucedido com apoio muito veemente do Davi naquele momento. Eliziane demonstra muita maturidade pol\u00edtica ao aceitar essa minha posi\u00e7\u00e3o e respeitar essa minha posi\u00e7\u00e3o\u201d, declarou.\n<\/p>\n<p>Pacheco seguiu elogiando a colega de legenda. \u201cEliziane \u00e9 um grande quadro, \u00e9 uma senadora que me apoiou muito ao longo dos meus quatro anos na presid\u00eancia do Senado, \u00e9 uma mulher muito guerreira, foi l\u00edder da bancada feminina do Senado\u201d.\n<\/p>\n<p>Eliziane anunciou, na \u00faltima quinta-feira, a sua inten\u00e7\u00e3o de disputar a presid\u00eancia do Senado. A bancada vai se reunir nesta ter\u00e7a-feira,5, \u00e0s 14h, para discutir a sucess\u00e3o de Pacheco.\n<\/p>\n<p>Relatora da Comiss\u00e3o Parlamentar Mista de Inqu\u00e9rito (CPMI) que investigou o 8\/1, a senadora j\u00e1 manifestava interesse em disputar a presid\u00eancia da Casa desde o ano passado.\n<\/p>\n<p>Com 15 senadores, o PSD ocupa o posto de maior bancada no Senado. Eliziane Gama lidera o bloco Resist\u00eancia Democr\u00e1tica, o mais numeroso da Casa. Al\u00e9m dela e de Davi Alcolumbre, outros nomes j\u00e1 surgem como potenciais candidatos para a elei\u00e7\u00e3o da mesa diretora em fevereiro de 2025, incluindo Soraya Thronicke (Podemos-MS) e o senador Astronauta Marcos Pontes (PL-SP).<\/p>\n<p>Fonte: O antagonista              <\/p>\n<\/div>\n<p><br \/>\n<br \/><a href=\"https:\/\/diariodobrasilnoticias.com.br\/noticia\/pacheco-reafirma-apoio-a-alcolumbre-e-evidencia-divisao-no-psd-672a3a6dd955d\">Source link <\/a><\/p>","protected":false},"excerpt":{"rendered":"<p>O presidente do Senado, Rodrigo Pacheco (PSD-MG), confirmou que apoia o candidato \u00e0 presid\u00eancia da Casa Alta Davi Alcolumbre (Uni\u00e3o-AP), nesta ter\u00e7a-feira,05, durante participa\u00e7\u00e3o no evento \u2018Liberdade Econ\u00f4mica\u2019, promovido pelo&hellip;<\/p>","protected":false},"author":1,"featured_media":55057,"comment_status":"closed","ping_status":"open","sticky":false,"template":"","format":"standard","meta":{"content-type":"","footnotes":""},"categories":[16],"tags":[123,2448,5313,1267],"class_list":["post-55056","post","type-post","status-publish","format-standard","has-post-thumbnail","hentry","category-noticias","tag-brasil","tag-diario","tag-noticia","tag-noticias"],"_links":{"self":[{"href":"https:\/\/tvbrazilusa.com\/pt\/wp-json\/wp\/v2\/posts\/55056","targetHints":{"allow":["GET"]}}],"collection":[{"href":"https:\/\/tvbrazilusa.com\/pt\/wp-json\/wp\/v2\/posts"}],"about":[{"href":"https:\/\/tvbrazilusa.com\/pt\/wp-json\/wp\/v2\/types\/post"}],"author":[{"embeddable":true,"href":"https:\/\/tvbrazilusa.com\/pt\/wp-json\/wp\/v2\/users\/1"}],"replies":[{"embeddable":true,"href":"https:\/\/tvbrazilusa.com\/pt\/wp-json\/wp\/v2\/comments?post=55056"}],"version-history":[{"count":1,"href":"https:\/\/tvbrazilusa.com\/pt\/wp-json\/wp\/v2\/posts\/55056\/revisions"}],"predecessor-version":[{"id":55058,"href":"https:\/\/tvbrazilusa.com\/pt\/wp-json\/wp\/v2\/posts\/55056\/revisions\/55058"}],"wp:featuredmedia":[{"embeddable":true,"href":"https:\/\/tvbrazilusa.com\/pt\/wp-json\/wp\/v2\/media\/55057"}],"wp:attachment":[{"href":"https:\/\/tvbrazilusa.com\/pt\/wp-json\/wp\/v2\/media?parent=55056"}],"wp:term":[{"taxonomy":"category","embeddable":true,"href":"https:\/\/tvbrazilusa.com\/pt\/wp-json\/wp\/v2\/categories?post=55056"},{"taxonomy":"post_tag","embeddable":true,"href":"https:\/\/tvbrazilusa.com\/pt\/wp-json\/wp\/v2\/tags?post=55056"}],"curies":[{"name":"wp","href":"https:\/\/api.w.org\/{rel}","templated":true}]}}