{"id":55061,"date":"2024-11-05T18:15:21","date_gmt":"2024-11-05T18:15:21","guid":{"rendered":"https:\/\/tvbrazilusa.com\/2024\/11\/05\/pt-se-alia-a-socialistas-dos-eua-que-associam-kamala-a-direita\/"},"modified":"2024-11-05T18:15:23","modified_gmt":"2024-11-05T18:15:23","slug":"pt-se-alia-a-socialistas-dos-eua-que-associam-kamala-a-direita","status":"publish","type":"post","link":"https:\/\/tvbrazilusa.com\/pt\/2024\/11\/05\/pt-se-alia-a-socialistas-dos-eua-que-associam-kamala-a-direita\/","title":{"rendered":"PT se alia a socialistas dos EUA que associam Kamala \u00e0 direita"},"content":{"rendered":"<p> <script async src=\"https:\/\/pagead2.googlesyndication.com\/pagead\/js\/adsbygoogle.js?client=ca-pub-8864793242727901\"\r\n     crossorigin=\"anonymous\"><\/script><br \/>\n<\/p>\n<div id=\"taboola-read-more\" style=\"display:block; width:100%\">\n<p>Apesar de o presidente Luiz In\u00e1cio Lula da Silva (PT) ter manifestado seu apoio p\u00fablico \u00e0 candidata democrata ao cargo de presidente dos Estados Unidos, Kamala Harris, o Foro de S\u00e3o Paulo \u2013 organiza\u00e7\u00e3o que re\u00fane partidos e movimentos de esquerda da Am\u00e9rica Latina e que possui membros do PT em seus quadros \u2013 n\u00e3o parece concordar com a op\u00e7\u00e3o do chefe do Executivo brasileiro.\n<\/p>\n<p>No \u00faltimo dia 12 de setembro, a secret\u00e1ria-executiva do Foro de S\u00e3o Paulo e integrante da executiva nacional do PT, M\u00f4nica Valente, mediou um debate sobre o pleito americano com algumas figuras do movimento de esquerda norte-americano Socialistas Democr\u00e1ticos da Am\u00e9rica (DSA, na sigla em ingl\u00eas), que tem como figura mais conhecida o senador Bernie Sanders.<\/p>\n<p>Durante o evento, que foi promovido pelo Foro de S\u00e3o Paulo em parceria com a Funda\u00e7\u00e3o Perseu Abramo (um bra\u00e7o do PT), integrantes do DSA criticaram as elei\u00e7\u00f5es americanas e chegaram a afirmar que Kamala Harris e o Partido Democrata seriam de direita, enquanto Donald Trump e o Partido Republicano integrariam, na verdade, a extrema-direita.\n<\/p>\n<p>\u2013 O Partido Democrata est\u00e1 tamb\u00e9m mais \u00e0 direita, e vemos que n\u00e3o houve uma discuss\u00e3o sobre pol\u00edtica [nas elei\u00e7\u00f5es dos Estados Unidos]. Foi apenas um teatro \u2013 declarou Luisa Martinez, integrante do Comit\u00ea Pol\u00edtico Nacional do DSA, que durante o evento usou uma camisa com a imagem de Salvador Allende, l\u00edder marxista que governou o Chile entre 1970 e 1973.\n<\/p>\n<p>J\u00e1 Megan Romer, uma outra integrante do movimento que se apresentou como copresidente do DSA, declarou que Kamala Harris n\u00e3o est\u00e1 do lado dos socialistas, mas que ela ainda seria uma op\u00e7\u00e3o menos ruim para a esquerda que Donald Trump.\n<\/p>\n<p>\u2013 Se Trump ganhar, vai perseguir os l\u00edderes da esquerda (\u2026). Nossa tarefa \u00e9 organizar a classe oper\u00e1ria e oferecer uma alternativa real seja ao neoliberalismo, seja ao conservadorismo \u2013 disse.\n<\/p>\n<p>Com audi\u00eancia baix\u00edssima, o v\u00eddeo do debate foi disponibilizado no canal da Funda\u00e7\u00e3o Perseu Abramo no YouTube, mas at\u00e9 esta ter\u00e7a-feira (5), 24 dias ap\u00f3s a publica\u00e7\u00e3o, o registro possui menos de 400 visualiza\u00e7\u00f5es, uma m\u00e9dia de menos de 20 reprodu\u00e7\u00f5es por dia.<\/p>\n<p>Fonte: Pleno News              <\/p>\n<\/div>\n<p><br \/>\n<br \/><a href=\"https:\/\/diariodobrasilnoticias.com.br\/noticia\/pt-se-alia-a-socialistas-dos-eua-que-associam-kamala-a-direita-672a3bced272d\">Source link <\/a><\/p>","protected":false},"excerpt":{"rendered":"<p>Apesar de o presidente Luiz In\u00e1cio Lula da Silva (PT) ter manifestado seu apoio p\u00fablico \u00e0 candidata democrata ao cargo de presidente dos Estados Unidos, Kamala Harris, o Foro de&hellip;<\/p>","protected":false},"author":1,"featured_media":55062,"comment_status":"closed","ping_status":"open","sticky":false,"template":"","format":"standard","meta":{"content-type":"","footnotes":""},"categories":[16],"tags":[123,2448,5313,1267],"class_list":["post-55061","post","type-post","status-publish","format-standard","has-post-thumbnail","hentry","category-noticias","tag-brasil","tag-diario","tag-noticia","tag-noticias"],"_links":{"self":[{"href":"https:\/\/tvbrazilusa.com\/pt\/wp-json\/wp\/v2\/posts\/55061","targetHints":{"allow":["GET"]}}],"collection":[{"href":"https:\/\/tvbrazilusa.com\/pt\/wp-json\/wp\/v2\/posts"}],"about":[{"href":"https:\/\/tvbrazilusa.com\/pt\/wp-json\/wp\/v2\/types\/post"}],"author":[{"embeddable":true,"href":"https:\/\/tvbrazilusa.com\/pt\/wp-json\/wp\/v2\/users\/1"}],"replies":[{"embeddable":true,"href":"https:\/\/tvbrazilusa.com\/pt\/wp-json\/wp\/v2\/comments?post=55061"}],"version-history":[{"count":1,"href":"https:\/\/tvbrazilusa.com\/pt\/wp-json\/wp\/v2\/posts\/55061\/revisions"}],"predecessor-version":[{"id":55063,"href":"https:\/\/tvbrazilusa.com\/pt\/wp-json\/wp\/v2\/posts\/55061\/revisions\/55063"}],"wp:featuredmedia":[{"embeddable":true,"href":"https:\/\/tvbrazilusa.com\/pt\/wp-json\/wp\/v2\/media\/55062"}],"wp:attachment":[{"href":"https:\/\/tvbrazilusa.com\/pt\/wp-json\/wp\/v2\/media?parent=55061"}],"wp:term":[{"taxonomy":"category","embeddable":true,"href":"https:\/\/tvbrazilusa.com\/pt\/wp-json\/wp\/v2\/categories?post=55061"},{"taxonomy":"post_tag","embeddable":true,"href":"https:\/\/tvbrazilusa.com\/pt\/wp-json\/wp\/v2\/tags?post=55061"}],"curies":[{"name":"wp","href":"https:\/\/api.w.org\/{rel}","templated":true}]}}