{"id":55071,"date":"2024-11-05T18:45:14","date_gmt":"2024-11-05T18:45:14","guid":{"rendered":"https:\/\/tvbrazilusa.com\/2024\/11\/05\/possivel-retorno-de-trump-a-casa-branca-causa-apreensao-no-governo-lula\/"},"modified":"2024-11-05T18:45:15","modified_gmt":"2024-11-05T18:45:15","slug":"possivel-retorno-de-trump-a-casa-branca-causa-apreensao-no-governo-lula","status":"publish","type":"post","link":"https:\/\/tvbrazilusa.com\/pt\/2024\/11\/05\/possivel-retorno-de-trump-a-casa-branca-causa-apreensao-no-governo-lula\/","title":{"rendered":"Poss\u00edvel retorno de Trump \u00e0 Casa Branca causa apreens\u00e3o no governo Lula"},"content":{"rendered":"<p> <script async src=\"https:\/\/pagead2.googlesyndication.com\/pagead\/js\/adsbygoogle.js?client=ca-pub-8864793242727901\"\r\n     crossorigin=\"anonymous\"><\/script><br \/>\n<\/p>\n<div id=\"taboola-read-more\" style=\"display:block; width:100%\">\n<p>N\u00e3o \u00e9 de hoje que integrantes do governo Lula demonstram apreens\u00e3o com a possibilidade de um retorno de Donald Trump \u00e0 Casa Branca. Com a elei\u00e7\u00e3o americana se aproximando, as preocupa\u00e7\u00f5es em Bras\u00edlia incluem n\u00e3o apenas a agenda clim\u00e1tica, mas tamb\u00e9m quest\u00f5es como a situa\u00e7\u00e3o na Venezuela, a influ\u00eancia de Elon Musk e as articula\u00e7\u00f5es internacionais de grupos pol\u00edticos de direita.\n<\/p>\n<p>Na \u00faltima sexta-feira (1\u00ba), o presidente Lula (PT) expressou sua torcida por Kamala Harris e aproveitou para demonizar seus opositores, incluindo Trump, a quem atribui um ressurgimento do \u201cnazismo e fascismo com outra cara\u201d no cen\u00e1rio global.<\/p>\n<p>A rela\u00e7\u00e3o entre Lula e Joe Biden, que dever\u00e1 visitar Manaus e Bras\u00edlia em novembro para a reuni\u00e3o do G20, \u00e9 caracterizada como t\u00edmida. Contudo, essa din\u00e2mica \u2014 ainda que pouca \u2014 n\u00e3o se espera que se repita com Trump. H\u00e1 uma percep\u00e7\u00e3o crescente de que algumas derrotas j\u00e1 s\u00e3o inevit\u00e1veis.\n<\/p>\n<p>Um dos \u2018maiores retrocessos\u2019 esperados pelo governo Lula \u00e9 na coopera\u00e7\u00e3o ambiental. O Brasil se prepara para sediar a COP, a confer\u00eancia do clima da ONU, em Bel\u00e9m no pr\u00f3ximo ano. O pa\u00eds esperava o repasse de US$ 500 milh\u00f5es ao Fundo Amaz\u00f4nia, uma promessa de Biden que, at\u00e9 agora, est\u00e1 paralisada no Congresso. Com Trump na presid\u00eancia e uma prov\u00e1vel maioria republicana no Senado, diplomatas brasileiros temem que qualquer esperan\u00e7a de obter esses recursos se esvazie completamente.\n<\/p>\n<p>A incerteza tamb\u00e9m permeia outros temas, especialmente devido \u00e0 proximidade entre Trump e Elon Musk. O bilion\u00e1rio \u00e9 um dos principais apoiadores de Trump, e sua influ\u00eancia em um eventual governo republicano \u00e9 considerada certa, podendo se manifestar atrav\u00e9s de um cargo formal ou de outras formas de apoio.\n<\/p>\n<p>Al\u00e9m disso, j\u00e1 houve articula\u00e7\u00f5es no Congresso americano para abordar quest\u00f5es relacionadas a viola\u00e7\u00f5es da liberdade de express\u00e3o no Brasil, e caso Trump retorne ao poder, essa pauta pode ganhar ainda mais espa\u00e7o. H\u00e1 a possibilidade de medidas que poderiam ser aplicadas diretamente contra o STF e seus ministros, como restri\u00e7\u00f5es de entrada nos EUA, embargos e outras san\u00e7\u00f5es mais severas.<\/p>\n<p>Fonte: Conex\u00e3o Pol\u00edtica              <\/p>\n<\/div>\n<p><br \/>\n<br \/><a href=\"https:\/\/diariodobrasilnoticias.com.br\/noticia\/possivel-retorno-de-trump-a-casa-branca-causa-apreensao-no-governo-lula-672a3d4114f06\">Source link <\/a><\/p>","protected":false},"excerpt":{"rendered":"<p>N\u00e3o \u00e9 de hoje que integrantes do governo Lula demonstram apreens\u00e3o com a possibilidade de um retorno de Donald Trump \u00e0 Casa Branca. Com a elei\u00e7\u00e3o americana se aproximando, as&hellip;<\/p>","protected":false},"author":1,"featured_media":55072,"comment_status":"closed","ping_status":"open","sticky":false,"template":"","format":"standard","meta":{"content-type":"","footnotes":""},"categories":[16],"tags":[123,2448,5313,1267],"class_list":["post-55071","post","type-post","status-publish","format-standard","has-post-thumbnail","hentry","category-noticias","tag-brasil","tag-diario","tag-noticia","tag-noticias"],"_links":{"self":[{"href":"https:\/\/tvbrazilusa.com\/pt\/wp-json\/wp\/v2\/posts\/55071","targetHints":{"allow":["GET"]}}],"collection":[{"href":"https:\/\/tvbrazilusa.com\/pt\/wp-json\/wp\/v2\/posts"}],"about":[{"href":"https:\/\/tvbrazilusa.com\/pt\/wp-json\/wp\/v2\/types\/post"}],"author":[{"embeddable":true,"href":"https:\/\/tvbrazilusa.com\/pt\/wp-json\/wp\/v2\/users\/1"}],"replies":[{"embeddable":true,"href":"https:\/\/tvbrazilusa.com\/pt\/wp-json\/wp\/v2\/comments?post=55071"}],"version-history":[{"count":1,"href":"https:\/\/tvbrazilusa.com\/pt\/wp-json\/wp\/v2\/posts\/55071\/revisions"}],"predecessor-version":[{"id":55073,"href":"https:\/\/tvbrazilusa.com\/pt\/wp-json\/wp\/v2\/posts\/55071\/revisions\/55073"}],"wp:featuredmedia":[{"embeddable":true,"href":"https:\/\/tvbrazilusa.com\/pt\/wp-json\/wp\/v2\/media\/55072"}],"wp:attachment":[{"href":"https:\/\/tvbrazilusa.com\/pt\/wp-json\/wp\/v2\/media?parent=55071"}],"wp:term":[{"taxonomy":"category","embeddable":true,"href":"https:\/\/tvbrazilusa.com\/pt\/wp-json\/wp\/v2\/categories?post=55071"},{"taxonomy":"post_tag","embeddable":true,"href":"https:\/\/tvbrazilusa.com\/pt\/wp-json\/wp\/v2\/tags?post=55071"}],"curies":[{"name":"wp","href":"https:\/\/api.w.org\/{rel}","templated":true}]}}