{"id":55122,"date":"2024-11-05T20:35:56","date_gmt":"2024-11-05T20:35:56","guid":{"rendered":"https:\/\/tvbrazilusa.com\/2024\/11\/05\/eduardo-bolsonaro-acompanha-eleicoes-ao-lado-da-equipe-de-trump\/"},"modified":"2024-11-05T20:35:57","modified_gmt":"2024-11-05T20:35:57","slug":"eduardo-bolsonaro-acompanha-eleicoes-ao-lado-da-equipe-de-trump","status":"publish","type":"post","link":"https:\/\/tvbrazilusa.com\/pt\/2024\/11\/05\/eduardo-bolsonaro-acompanha-eleicoes-ao-lado-da-equipe-de-trump\/","title":{"rendered":"Eduardo Bolsonaro acompanha elei\u00e7\u00f5es ao lado da equipe de Trump"},"content":{"rendered":"<p> <script async src=\"https:\/\/pagead2.googlesyndication.com\/pagead\/js\/adsbygoogle.js?client=ca-pub-8864793242727901\"\r\n     crossorigin=\"anonymous\"><\/script><br \/>\n<\/p>\n<div>\n<figure class=\"post-image\">\n<\/figure>\n<p>            <span style=\"font-size: 12px\">Divulga\u00e7\u00e3o<\/span><\/p>\n<p>            <!-- end metas --><br \/>\n            <!-- ADS --><\/p>\n<div id=\"taboola-read-more\" style=\"display:block; width:100%\">\n<p>A colunista M\u00f4nica Bergamo, da BandNews FM, informou durante esta ter\u00e7a-feira (5) que o deputado federal Eduardo Bolsonaro (PL) j\u00e1 embarcou para os Estados Unidos para acompanhar ao lado da comitiva de Donald Trump os resultados das elei\u00e7\u00f5es presidenciais no pa\u00eds.<\/p>\n<p>Segundo apura\u00e7\u00e3o da colunista, tanto a esquerda quanto \u00e0 direita no Brasil tem a sensa\u00e7\u00e3o de que o candidato defendido vai perder. Bergamo apurou que uma pessoa pr\u00f3xima ao ex-presidente Jair Bolsonaro (PL) acredita que Trump ir\u00e1 perder principalmente pelas brincadeiras de campanha, como as dancinhas e o dia no Mc Donald&#8217;s.<\/p>\n<p>J\u00e1 a esquerda tem apreens\u00e3o grande com a poss\u00edvel derrota da Kamala. A preocupa\u00e7\u00e3o \u00e9 que caso Trump ven\u00e7a, com todo o simbolismo de uma direita mais radical, com essa identidade do bolsonarismo e trumpismo, isso n\u00e3o \u00e9 bom para a esquerda na sa\u00edda de uma derrota nas elei\u00e7\u00f5es municipais.<\/p>\n<p>Pelo lado bolsonarista, a ideia \u00e9 que Trump e seus aliados aumentem a press\u00e3o sobre o Supremo Tribunal Federal brasileiro em torno dos processos contra Bolsonaro e envolvidos nos atos de oito de janeiro. E como isso? Levando adiante iniciativas que n\u00e3o evolu\u00edram no governo Biden, classificando o judici\u00e1rio brasileiro de parcial e at\u00e9 impondo limites em um magistrado como Alexandre de Moraes.\n<\/p>\n<p>Fonte: @bandjornalismo\/Instagram<\/p>\n<\/p><\/div>\n<p>                        <!-- Scripts para conteudo --><\/p>\n<p>            <!-- .\/Scripts para conteudo --><br \/>\n            <!-- .\/Mat\u00e9ria --><\/p>\n<div class=\"row mt-3\">\n<div class=\"col-sm-6\">\n                <!-- Whatsapp channel 3--><br \/>\n                <a href=\"https:\/\/chat.whatsapp.com\/J6hwSKYns5B0XFowx2wZ0P\" target=\"_blank\" rel=\"noopener\"><br \/>\n                  <img decoding=\"async\" src=\"https:\/\/diariodobrasilnoticias.com.br\/assets-site\/images\/bot_whatsapp.png\"\/><\/a>\n              <\/div>\n<div class=\"col-sm-6\">\n                <a href=\"https:\/\/t.me\/+_4gTmi5LKo03OTM5\" target=\"_blank\" rel=\"noopener\"><br \/>\n                  <img decoding=\"async\" src=\"https:\/\/diariodobrasilnoticias.com.br\/assets-site\/images\/bot_telegram.png\"\/><\/a>\n              <\/div>\n<\/p><\/div>\n<p>            <!-- end post-navigation --><\/p>\n<p>              <!-- end row --><\/p>\n<p>              <!-- end col-12-->\n                      <\/div>\n<p><br \/>\n<br \/><a href=\"https:\/\/diariodobrasilnoticias.com.br\/noticia\/eduardo-bolsonaro-acompanha-eleicoes-ao-lado-da-equipe-de-trump-672a5f00b769e\">Source link <\/a><\/p>","protected":false},"excerpt":{"rendered":"<p>Divulga\u00e7\u00e3o A colunista M\u00f4nica Bergamo, da BandNews FM, informou durante esta ter\u00e7a-feira (5) que o deputado federal Eduardo Bolsonaro (PL) j\u00e1 embarcou para os Estados Unidos para acompanhar ao lado&hellip;<\/p>","protected":false},"author":1,"featured_media":55123,"comment_status":"closed","ping_status":"open","sticky":false,"template":"","format":"standard","meta":{"content-type":"","footnotes":""},"categories":[16],"tags":[123,2448,5313,1267],"class_list":["post-55122","post","type-post","status-publish","format-standard","has-post-thumbnail","hentry","category-noticias","tag-brasil","tag-diario","tag-noticia","tag-noticias"],"_links":{"self":[{"href":"https:\/\/tvbrazilusa.com\/pt\/wp-json\/wp\/v2\/posts\/55122","targetHints":{"allow":["GET"]}}],"collection":[{"href":"https:\/\/tvbrazilusa.com\/pt\/wp-json\/wp\/v2\/posts"}],"about":[{"href":"https:\/\/tvbrazilusa.com\/pt\/wp-json\/wp\/v2\/types\/post"}],"author":[{"embeddable":true,"href":"https:\/\/tvbrazilusa.com\/pt\/wp-json\/wp\/v2\/users\/1"}],"replies":[{"embeddable":true,"href":"https:\/\/tvbrazilusa.com\/pt\/wp-json\/wp\/v2\/comments?post=55122"}],"version-history":[{"count":1,"href":"https:\/\/tvbrazilusa.com\/pt\/wp-json\/wp\/v2\/posts\/55122\/revisions"}],"predecessor-version":[{"id":55124,"href":"https:\/\/tvbrazilusa.com\/pt\/wp-json\/wp\/v2\/posts\/55122\/revisions\/55124"}],"wp:featuredmedia":[{"embeddable":true,"href":"https:\/\/tvbrazilusa.com\/pt\/wp-json\/wp\/v2\/media\/55123"}],"wp:attachment":[{"href":"https:\/\/tvbrazilusa.com\/pt\/wp-json\/wp\/v2\/media?parent=55122"}],"wp:term":[{"taxonomy":"category","embeddable":true,"href":"https:\/\/tvbrazilusa.com\/pt\/wp-json\/wp\/v2\/categories?post=55122"},{"taxonomy":"post_tag","embeddable":true,"href":"https:\/\/tvbrazilusa.com\/pt\/wp-json\/wp\/v2\/tags?post=55122"}],"curies":[{"name":"wp","href":"https:\/\/api.w.org\/{rel}","templated":true}]}}