{"id":55130,"date":"2024-11-05T20:49:36","date_gmt":"2024-11-05T20:49:36","guid":{"rendered":"https:\/\/tvbrazilusa.com\/2024\/11\/05\/justica-condena-mulher-por-injuria-racial-contra-segurancas-de-flavio-dino\/"},"modified":"2024-11-05T20:49:37","modified_gmt":"2024-11-05T20:49:37","slug":"justica-condena-mulher-por-injuria-racial-contra-segurancas-de-flavio-dino","status":"publish","type":"post","link":"https:\/\/tvbrazilusa.com\/pt\/2024\/11\/05\/justica-condena-mulher-por-injuria-racial-contra-segurancas-de-flavio-dino\/","title":{"rendered":"Justi\u00e7a condena mulher por inj\u00faria racial contra seguran\u00e7as de Fl\u00e1vio Dino"},"content":{"rendered":"<p> <script async src=\"https:\/\/pagead2.googlesyndication.com\/pagead\/js\/adsbygoogle.js?client=ca-pub-8864793242727901\"\r\n     crossorigin=\"anonymous\"><\/script><br \/>\n<\/p>\n<div id=\"taboola-read-more\" style=\"display:block; width:100%\">\n<p>A Vara Criminal e do Tribunal do J\u00fari do Guar\u00e1, em Bras\u00edlia, condenou uma mulher a pagar uma indeniza\u00e7\u00e3o de R$ R$5.680 a cada um dos dois seguran\u00e7as do ministro do STF (Supremo Tribunal Federal) Fl\u00e1vio Dino por inj\u00faria racial. A den\u00fancia foi apresentada pelo Minist\u00e9rio P\u00fablico do Distrito Federal e Territ\u00f3rios. A mulher tamb\u00e9m dever\u00e1 prestar servi\u00e7os \u00e0 comunidade. Ainda cabe recurso.\n<\/p>\n<p>Segundo o processo, um dos seguran\u00e7as declarou que estavam com o ent\u00e3o ministro da Justi\u00e7a em uma escada rolante de um shopping de Bras\u00edlia quando a mulher come\u00e7ou a xingar o ministro de ladr\u00e3o. A equipe de seguran\u00e7a pessoal do ministro, composta pelas v\u00edtimas, abordou a acusada e pediu que ela se acalmasse. Por\u00e9m, ela continuou com as ofensas.<\/p>\n<p>Ao ser solicitado que ela parasse, ela realizou outros insultos pessoais contra o seguran\u00e7a. A mulher perguntou de qual estado era, que respondeu ser do Maranh\u00e3o. Ao telefone, a mulher dizia: \u201cVoc\u00ea n\u00e3o acredita no que est\u00e1 acontecendo, estou sendo presa por um major do Maranh\u00e3o, do Maranh\u00e3o!\u201d A mulher, ent\u00e3o, ficou presa at\u00e9 a chegada da Pol\u00edcia Federal. Depois disso, a mulher xingou os seguran\u00e7as de macacos.\n<\/p>\n<p>Na senten\u00e7a, o juiz Marcos Francisco Batista disse que a conduta da mulher \u201cdemonstra preconceito e intoler\u00e2ncia, inconcili\u00e1veis com o conv\u00edvio em sociedade e incompat\u00edveis com os objetivos fundamentais perseguidos pela Constitui\u00e7\u00e3o da Rep\u00fablica Federativa do Brasil\u201d.\n<\/p>\n<p>\u201cN\u00e3o h\u00e1 d\u00favida, pois, quanto \u00e0 pr\u00e1tica de inj\u00faria racial, em raz\u00e3o da proced\u00eancia nacional das v\u00edtimas, uma vez que a acusada utilizou express\u00f5es que, naquele contexto, notoriamente foram empregadas para ofender as v\u00edtimas, em n\u00edtida discrimina\u00e7\u00e3o em raz\u00e3o da origem delas, pois \u00e9 cedi\u00e7o que no Brasil, historicamente, pessoas oriundas dos estados que comp\u00f5em a Regi\u00e3o Nordeste do Pa\u00eds t\u00eam sofrido preconceito e s\u00e3o discriminadas em raz\u00e3o da sua origem territorial\u201d, disse.\n<\/p>\n<p>Fonte: R7              <\/p>\n<\/div>\n<p><br \/>\n<br \/><a href=\"https:\/\/diariodobrasilnoticias.com.br\/noticia\/justica-condena-mulher-por-injuria-racial-contra-segurancas-de-flavio-dino-672a5c60dc8da\">Source link <\/a><\/p>","protected":false},"excerpt":{"rendered":"<p>A Vara Criminal e do Tribunal do J\u00fari do Guar\u00e1, em Bras\u00edlia, condenou uma mulher a pagar uma indeniza\u00e7\u00e3o de R$ R$5.680 a cada um dos dois seguran\u00e7as do ministro&hellip;<\/p>","protected":false},"author":1,"featured_media":55131,"comment_status":"closed","ping_status":"open","sticky":false,"template":"","format":"standard","meta":{"content-type":"","footnotes":""},"categories":[16],"tags":[123,2448,5313,1267],"class_list":["post-55130","post","type-post","status-publish","format-standard","has-post-thumbnail","hentry","category-noticias","tag-brasil","tag-diario","tag-noticia","tag-noticias"],"_links":{"self":[{"href":"https:\/\/tvbrazilusa.com\/pt\/wp-json\/wp\/v2\/posts\/55130","targetHints":{"allow":["GET"]}}],"collection":[{"href":"https:\/\/tvbrazilusa.com\/pt\/wp-json\/wp\/v2\/posts"}],"about":[{"href":"https:\/\/tvbrazilusa.com\/pt\/wp-json\/wp\/v2\/types\/post"}],"author":[{"embeddable":true,"href":"https:\/\/tvbrazilusa.com\/pt\/wp-json\/wp\/v2\/users\/1"}],"replies":[{"embeddable":true,"href":"https:\/\/tvbrazilusa.com\/pt\/wp-json\/wp\/v2\/comments?post=55130"}],"version-history":[{"count":1,"href":"https:\/\/tvbrazilusa.com\/pt\/wp-json\/wp\/v2\/posts\/55130\/revisions"}],"predecessor-version":[{"id":55132,"href":"https:\/\/tvbrazilusa.com\/pt\/wp-json\/wp\/v2\/posts\/55130\/revisions\/55132"}],"wp:featuredmedia":[{"embeddable":true,"href":"https:\/\/tvbrazilusa.com\/pt\/wp-json\/wp\/v2\/media\/55131"}],"wp:attachment":[{"href":"https:\/\/tvbrazilusa.com\/pt\/wp-json\/wp\/v2\/media?parent=55130"}],"wp:term":[{"taxonomy":"category","embeddable":true,"href":"https:\/\/tvbrazilusa.com\/pt\/wp-json\/wp\/v2\/categories?post=55130"},{"taxonomy":"post_tag","embeddable":true,"href":"https:\/\/tvbrazilusa.com\/pt\/wp-json\/wp\/v2\/tags?post=55130"}],"curies":[{"name":"wp","href":"https:\/\/api.w.org\/{rel}","templated":true}]}}