{"id":55174,"date":"2024-11-05T22:58:53","date_gmt":"2024-11-05T22:58:53","guid":{"rendered":"https:\/\/tvbrazilusa.com\/2024\/11\/05\/nao-me-curvarei-as-intimidacoes-da-pf-e-do-stf-diz-van-hattem\/"},"modified":"2024-11-05T22:58:54","modified_gmt":"2024-11-05T22:58:54","slug":"nao-me-curvarei-as-intimidacoes-da-pf-e-do-stf-diz-van-hattem","status":"publish","type":"post","link":"https:\/\/tvbrazilusa.com\/pt\/2024\/11\/05\/nao-me-curvarei-as-intimidacoes-da-pf-e-do-stf-diz-van-hattem\/","title":{"rendered":"N\u00e3o me curvarei \u00e0s intimida\u00e7\u00f5es da PF e do STF, diz van Hattem"},"content":{"rendered":"<p> <script async src=\"https:\/\/pagead2.googlesyndication.com\/pagead\/js\/adsbygoogle.js?client=ca-pub-8864793242727901\"\r\n     crossorigin=\"anonymous\"><\/script><br \/>\n<\/p>\n<div id=\"taboola-read-more\" style=\"display:block; width:100%\">\n<p>O deputado federal Marcel van Hattem (Novo-RS) disse, nesta segunda-feira (4), que n\u00e3o vai comparecer \u00e0 Pol\u00edcia Federal (PF) para prestar depoimento sobre o teor de suas declara\u00e7\u00f5es. A fala foi proferida durante sess\u00e3o na C\u00e2mara dos Deputados. A PF intimou o parlamentar a depor nesta ter\u00e7a-feira (5).\n<\/p>\n<p>O inqu\u00e9rito em quest\u00e3o foi aberto contra van Hattem ap\u00f3s ele criticar o delegado da PF F\u00e1bio Alvarez Schor, em discurso na tribuna do plen\u00e1rio da C\u00e2mara, no dia 14 de agosto. A investiga\u00e7\u00e3o corre em segredo de Justi\u00e7a no Supremo Tribunal Federal (STF).<\/p>\n<p>N\u00e3o comparecerei diante de um delegado da Pol\u00edcia Federal para dar quaisquer explica\u00e7\u00f5es, porque a Constitui\u00e7\u00e3o me garante, pelo artigo 53, a inviolabilidade civil e criminal por quaisquer das minhas opini\u00f5es, palavras e votos \u2013 afirmou o deputado.\n<\/p>\n<p>O congressista se nega a ceder \u00e0s ordens inconstitucionais.\n<\/p>\n<p>\u2013 N\u00e3o irei depor na Pol\u00edcia Federal, porque n\u00e3o vou obedecer a ordens ilegais e inconstitucionais, de quem quer que elas venham \u2013 destacou.\n<\/p>\n<p>Em seu perfil na rede social X, Marcel van Hattem falou sobre a import\u00e2ncia de se respeitar a Constitui\u00e7\u00e3o.\n<\/p>\n<p>\u2013 Assim como n\u00e3o me submeti \u00e0 censura imposta ao X, tamb\u00e9m n\u00e3o me submeterei \u00e0s tentativas de intimida\u00e7\u00e3o promovidas pela Pol\u00edcia Federal e pelo STF para explicar quaisquer das minhas opini\u00f5es, palavras e votos. A Constitui\u00e7\u00e3o precisa ser respeitada e est\u00e1 ao meu lado!\n<\/p>\n<p>Fonte: Pleno News              <\/p>\n<\/div>\n<p><br \/>\n<br \/><a href=\"https:\/\/diariodobrasilnoticias.com.br\/noticia\/nao-me-curvarei-as-intimidacoes-da-pf-e-do-stf-diz-van-hattem-672a86fbaaf4b\">Source link <\/a><\/p>","protected":false},"excerpt":{"rendered":"<p>O deputado federal Marcel van Hattem (Novo-RS) disse, nesta segunda-feira (4), que n\u00e3o vai comparecer \u00e0 Pol\u00edcia Federal (PF) para prestar depoimento sobre o teor de suas declara\u00e7\u00f5es. A fala&hellip;<\/p>","protected":false},"author":1,"featured_media":55175,"comment_status":"closed","ping_status":"open","sticky":false,"template":"","format":"standard","meta":{"content-type":"","footnotes":""},"categories":[16],"tags":[123,2448,5313,1267],"class_list":["post-55174","post","type-post","status-publish","format-standard","has-post-thumbnail","hentry","category-noticias","tag-brasil","tag-diario","tag-noticia","tag-noticias"],"_links":{"self":[{"href":"https:\/\/tvbrazilusa.com\/pt\/wp-json\/wp\/v2\/posts\/55174","targetHints":{"allow":["GET"]}}],"collection":[{"href":"https:\/\/tvbrazilusa.com\/pt\/wp-json\/wp\/v2\/posts"}],"about":[{"href":"https:\/\/tvbrazilusa.com\/pt\/wp-json\/wp\/v2\/types\/post"}],"author":[{"embeddable":true,"href":"https:\/\/tvbrazilusa.com\/pt\/wp-json\/wp\/v2\/users\/1"}],"replies":[{"embeddable":true,"href":"https:\/\/tvbrazilusa.com\/pt\/wp-json\/wp\/v2\/comments?post=55174"}],"version-history":[{"count":1,"href":"https:\/\/tvbrazilusa.com\/pt\/wp-json\/wp\/v2\/posts\/55174\/revisions"}],"predecessor-version":[{"id":55176,"href":"https:\/\/tvbrazilusa.com\/pt\/wp-json\/wp\/v2\/posts\/55174\/revisions\/55176"}],"wp:featuredmedia":[{"embeddable":true,"href":"https:\/\/tvbrazilusa.com\/pt\/wp-json\/wp\/v2\/media\/55175"}],"wp:attachment":[{"href":"https:\/\/tvbrazilusa.com\/pt\/wp-json\/wp\/v2\/media?parent=55174"}],"wp:term":[{"taxonomy":"category","embeddable":true,"href":"https:\/\/tvbrazilusa.com\/pt\/wp-json\/wp\/v2\/categories?post=55174"},{"taxonomy":"post_tag","embeddable":true,"href":"https:\/\/tvbrazilusa.com\/pt\/wp-json\/wp\/v2\/tags?post=55174"}],"curies":[{"name":"wp","href":"https:\/\/api.w.org\/{rel}","templated":true}]}}