{"id":55177,"date":"2024-11-05T23:11:45","date_gmt":"2024-11-05T23:11:45","guid":{"rendered":"https:\/\/tvbrazilusa.com\/2024\/11\/05\/em-meio-a-guerras-benjamin-netanyahu-demite-ministro-da-defesa\/"},"modified":"2024-11-05T23:11:47","modified_gmt":"2024-11-05T23:11:47","slug":"em-meio-a-guerras-benjamin-netanyahu-demite-ministro-da-defesa","status":"publish","type":"post","link":"https:\/\/tvbrazilusa.com\/pt\/2024\/11\/05\/em-meio-a-guerras-benjamin-netanyahu-demite-ministro-da-defesa\/","title":{"rendered":"Em meio a guerras, Benjamin Netanyahu demite ministro da Defesa"},"content":{"rendered":"<p> <script async src=\"https:\/\/pagead2.googlesyndication.com\/pagead\/js\/adsbygoogle.js?client=ca-pub-8864793242727901\"\r\n     crossorigin=\"anonymous\"><\/script><br \/>\n<\/p>\n<div id=\"taboola-read-more\" style=\"display:block; width:100%\">\n<p>Em meio \u00e0 tens\u00e3o no Oriente M\u00e9dio envolvendo Israel, o premi\u00ea Benjamin Netanyahu demitiu o ministro da Defesa do pa\u00eds, Yoav Gallant, nesta ter\u00e7a-feira (5\/11). A decis\u00e3o foi divulgada pelo gabinete do primeiro-ministro israelense.\n<\/p>\n<p>Segundo o documento, Gallant, que chefiava a Defesa do pa\u00eds desde 2022, ser\u00e1 destitu\u00eddo do cargo em 48h. Em um v\u00eddeo no X, Netanyahu afirmou a demiss\u00e3o aconteceu ap\u00f3s a confian\u00e7a entre ele, e o agora ex-ministro, rachar nos \u00faltimos meses.<\/p>\n<p>A decis\u00e3o, no entanto, surge um dia ap\u00f3s o ex-ministro da Defesa anunciar ordens de alistamento para cerca de 7 mil judeus ultraortodoxos, o que n\u00e3o \u00e9 bem-visto por membros da coaliz\u00e3o de partidos ultraconservadores que ajudaram Netanyahu a chegar ao poder.\n<\/p>\n<p>O recrutamento de judeus ultraortodoxos foi aprovado pela Suprema Corte de Israel em junho deste ano.\n<\/p>\n<p>Israel Katz, que atuava como chanceler israelense, assumir\u00e1 a chefia do Minist\u00e9rio da Defesa do pa\u00eds, que, ap\u00f3s um ano de guerra na Faixa de Gaza, tamb\u00e9m se v\u00ea em outras frentes de batalha, como contra o Hezbollah, no L\u00edbano, e a escalada recente envolvendo o Ir\u00e3.\n<\/p>\n<p>Ap\u00f3s a demiss\u00e3o, Gallant usou as redes sociais para comentar a decis\u00e3o de Benjamin Netanyahu.\n<\/p>\n<p>\u201cA seguran\u00e7a do Estado de Israel foi e sempre ser\u00e1 a miss\u00e3o da minha vida\u201d, escreveu o ex-ministro em uma publica\u00e7\u00e3o no X.\n<\/p>\n<p>Fonte: Metr\u00f3poles              <\/p>\n<\/div>\n<p><br \/>\n<br \/><a href=\"https:\/\/diariodobrasilnoticias.com.br\/noticia\/em-meio-a-guerras-benjamin-netanyahu-demite-ministro-da-defesa-672a886b6cd6d\">Source link <\/a><\/p>","protected":false},"excerpt":{"rendered":"<p>Em meio \u00e0 tens\u00e3o no Oriente M\u00e9dio envolvendo Israel, o premi\u00ea Benjamin Netanyahu demitiu o ministro da Defesa do pa\u00eds, Yoav Gallant, nesta ter\u00e7a-feira (5\/11). A decis\u00e3o foi divulgada pelo&hellip;<\/p>","protected":false},"author":1,"featured_media":55178,"comment_status":"closed","ping_status":"open","sticky":false,"template":"","format":"standard","meta":{"content-type":"","footnotes":""},"categories":[16],"tags":[123,2448,5313,1267],"class_list":["post-55177","post","type-post","status-publish","format-standard","has-post-thumbnail","hentry","category-noticias","tag-brasil","tag-diario","tag-noticia","tag-noticias"],"_links":{"self":[{"href":"https:\/\/tvbrazilusa.com\/pt\/wp-json\/wp\/v2\/posts\/55177","targetHints":{"allow":["GET"]}}],"collection":[{"href":"https:\/\/tvbrazilusa.com\/pt\/wp-json\/wp\/v2\/posts"}],"about":[{"href":"https:\/\/tvbrazilusa.com\/pt\/wp-json\/wp\/v2\/types\/post"}],"author":[{"embeddable":true,"href":"https:\/\/tvbrazilusa.com\/pt\/wp-json\/wp\/v2\/users\/1"}],"replies":[{"embeddable":true,"href":"https:\/\/tvbrazilusa.com\/pt\/wp-json\/wp\/v2\/comments?post=55177"}],"version-history":[{"count":1,"href":"https:\/\/tvbrazilusa.com\/pt\/wp-json\/wp\/v2\/posts\/55177\/revisions"}],"predecessor-version":[{"id":55179,"href":"https:\/\/tvbrazilusa.com\/pt\/wp-json\/wp\/v2\/posts\/55177\/revisions\/55179"}],"wp:featuredmedia":[{"embeddable":true,"href":"https:\/\/tvbrazilusa.com\/pt\/wp-json\/wp\/v2\/media\/55178"}],"wp:attachment":[{"href":"https:\/\/tvbrazilusa.com\/pt\/wp-json\/wp\/v2\/media?parent=55177"}],"wp:term":[{"taxonomy":"category","embeddable":true,"href":"https:\/\/tvbrazilusa.com\/pt\/wp-json\/wp\/v2\/categories?post=55177"},{"taxonomy":"post_tag","embeddable":true,"href":"https:\/\/tvbrazilusa.com\/pt\/wp-json\/wp\/v2\/tags?post=55177"}],"curies":[{"name":"wp","href":"https:\/\/api.w.org\/{rel}","templated":true}]}}