{"id":55183,"date":"2024-11-05T23:28:16","date_gmt":"2024-11-05T23:28:16","guid":{"rendered":"https:\/\/tvbrazilusa.com\/2024\/11\/05\/eleitor-de-kamala-afirma-que-votou-nela-para-que-suas-filhas-possam-abortar-no-futuro-assista\/"},"modified":"2024-11-05T23:28:17","modified_gmt":"2024-11-05T23:28:17","slug":"eleitor-de-kamala-afirma-que-votou-nela-para-que-suas-filhas-possam-abortar-no-futuro-assista","status":"publish","type":"post","link":"https:\/\/tvbrazilusa.com\/pt\/2024\/11\/05\/eleitor-de-kamala-afirma-que-votou-nela-para-que-suas-filhas-possam-abortar-no-futuro-assista\/","title":{"rendered":"Eleitor de Kamala afirma que votou nela para que suas filhas possam abortar no futuro; ASSISTA"},"content":{"rendered":"<p> <script async src=\"https:\/\/pagead2.googlesyndication.com\/pagead\/js\/adsbygoogle.js?client=ca-pub-8864793242727901\"\r\n     crossorigin=\"anonymous\"><\/script><br \/>\n<\/p>\n<div id=\"taboola-read-more\" style=\"display:block; width:100%\">\n<p>A import\u00e2ncia de eleger Donald Trump vai al\u00e9m das pol\u00edticas internas dos Estados Unidos; trata-se de proteger valores que sustentam nossa sociedade: a vida, a fam\u00edlia e a liberdade. Casos como o desse pai que votou em Kamala Harris para que suas filhas tenham acesso ao aborto ilustram claramente o que a esquerda representa \u2013 a normaliza\u00e7\u00e3o da elimina\u00e7\u00e3o da vida como \u201cdireito.\u201d<\/p>\n<p>Kamala e sua agenda \u201cwoke\u201d tentam enfraquecer a fam\u00edlia e relativizar princ\u00edpios sagrados, apresentando pr\u00e1ticas destrutivas como progresso. Trump, ao contr\u00e1rio, defende com firmeza o direito \u00e0 vida e a preserva\u00e7\u00e3o dos valores crist\u00e3os. Ele representa a resist\u00eancia a uma ideologia que desvaloriza as pr\u00f3ximas gera\u00e7\u00f5es e busca minar os fundamentos morais de nossa sociedade.<\/p>\n<p>Agora, mais do que nunca, \u00e9 essencial que o mundo apoie l\u00edderes que respeitem a vida, defendam a integridade das fam\u00edlias e lutem para proteger a sociedade dos excessos de uma agenda radical.\n<\/p>\n<p><strong>ASSISTA:\u00a0<\/strong><\/p>\n<p>Fonte: @mariofriasoficial\/Instagram              <\/p>\n<\/div>\n<p><br \/>\n<br \/><a href=\"https:\/\/diariodobrasilnoticias.com.br\/noticia\/eleitor-de-kamala-afirma-que-votou-nela-para-que-suas-filhas-possam-abortar-no-futuro-672a8818edb21\">Source link <\/a><\/p>","protected":false},"excerpt":{"rendered":"<p>A import\u00e2ncia de eleger Donald Trump vai al\u00e9m das pol\u00edticas internas dos Estados Unidos; trata-se de proteger valores que sustentam nossa sociedade: a vida, a fam\u00edlia e a liberdade. Casos&hellip;<\/p>","protected":false},"author":1,"featured_media":55184,"comment_status":"closed","ping_status":"open","sticky":false,"template":"","format":"standard","meta":{"content-type":"","footnotes":""},"categories":[16],"tags":[123,2448,5313,1267],"class_list":["post-55183","post","type-post","status-publish","format-standard","has-post-thumbnail","hentry","category-noticias","tag-brasil","tag-diario","tag-noticia","tag-noticias"],"_links":{"self":[{"href":"https:\/\/tvbrazilusa.com\/pt\/wp-json\/wp\/v2\/posts\/55183","targetHints":{"allow":["GET"]}}],"collection":[{"href":"https:\/\/tvbrazilusa.com\/pt\/wp-json\/wp\/v2\/posts"}],"about":[{"href":"https:\/\/tvbrazilusa.com\/pt\/wp-json\/wp\/v2\/types\/post"}],"author":[{"embeddable":true,"href":"https:\/\/tvbrazilusa.com\/pt\/wp-json\/wp\/v2\/users\/1"}],"replies":[{"embeddable":true,"href":"https:\/\/tvbrazilusa.com\/pt\/wp-json\/wp\/v2\/comments?post=55183"}],"version-history":[{"count":1,"href":"https:\/\/tvbrazilusa.com\/pt\/wp-json\/wp\/v2\/posts\/55183\/revisions"}],"predecessor-version":[{"id":55185,"href":"https:\/\/tvbrazilusa.com\/pt\/wp-json\/wp\/v2\/posts\/55183\/revisions\/55185"}],"wp:featuredmedia":[{"embeddable":true,"href":"https:\/\/tvbrazilusa.com\/pt\/wp-json\/wp\/v2\/media\/55184"}],"wp:attachment":[{"href":"https:\/\/tvbrazilusa.com\/pt\/wp-json\/wp\/v2\/media?parent=55183"}],"wp:term":[{"taxonomy":"category","embeddable":true,"href":"https:\/\/tvbrazilusa.com\/pt\/wp-json\/wp\/v2\/categories?post=55183"},{"taxonomy":"post_tag","embeddable":true,"href":"https:\/\/tvbrazilusa.com\/pt\/wp-json\/wp\/v2\/tags?post=55183"}],"curies":[{"name":"wp","href":"https:\/\/api.w.org\/{rel}","templated":true}]}}