{"id":55210,"date":"2024-11-06T01:07:11","date_gmt":"2024-11-06T01:07:11","guid":{"rendered":"https:\/\/tvbrazilusa.com\/2024\/11\/06\/por-que-as-eleicoes-sao-sempre-em-uma-terca-feira-em-novembro\/"},"modified":"2024-11-06T01:07:12","modified_gmt":"2024-11-06T01:07:12","slug":"por-que-as-eleicoes-sao-sempre-em-uma-terca-feira-em-novembro","status":"publish","type":"post","link":"https:\/\/tvbrazilusa.com\/pt\/2024\/11\/06\/por-que-as-eleicoes-sao-sempre-em-uma-terca-feira-em-novembro\/","title":{"rendered":"Por que as elei\u00e7\u00f5es s\u00e3o sempre em uma ter\u00e7a-feira em novembro"},"content":{"rendered":"<p> <script async src=\"https:\/\/pagead2.googlesyndication.com\/pagead\/js\/adsbygoogle.js?client=ca-pub-8864793242727901\"\r\n     crossorigin=\"anonymous\"><\/script><br \/>\n<\/p>\n<div id=\"taboola-read-more\" style=\"display:block; width:100%\">\n<p>Nos EUA, as elei\u00e7\u00f5es presidenciais s\u00e3o realizadas sempre na primeira ter\u00e7a-feira ap\u00f3s a primeira segunda-feira de novembro, uma tradi\u00e7\u00e3o de 180 anos. A escolha de novembro se deve a uma lei de 1845, criada quando o pa\u00eds era agr\u00edcola. O m\u00eas foi escolhido para coincidir com o per\u00edodo p\u00f3s-colheita e temperaturas amenas, facilitando as viagens dos eleitores, que na \u00e9poca precisavam percorrer longas dist\u00e2ncias de carro\u00e7a ou a cavalo.<\/p>\n<p>A ter\u00e7a-feira foi escolhida para evitar conflitos com os domingos, que eram reservados para pr\u00e1ticas religiosas, e com a quarta-feira, dia de mercado nas zonas rurais. Al\u00e9m disso, a lei evitava que a elei\u00e7\u00e3o coincidisse com o feriado de Todos os Santos, em 1\u00ba de novembro.\n<\/p>\n<p>Fonte: Gazeta News<\/p>\n<\/p><\/div>\n<p><br \/>\n<br \/><a href=\"https:\/\/diariodobrasilnoticias.com.br\/noticia\/por-que-as-eleicoes-sao-sempre-em-uma-terca-feira-em-novembro-672a96c62f103\">Source link <\/a><\/p>","protected":false},"excerpt":{"rendered":"<p>Nos EUA, as elei\u00e7\u00f5es presidenciais s\u00e3o realizadas sempre na primeira ter\u00e7a-feira ap\u00f3s a primeira segunda-feira de novembro, uma tradi\u00e7\u00e3o de 180 anos. A escolha de novembro se deve a uma&hellip;<\/p>","protected":false},"author":1,"featured_media":55211,"comment_status":"closed","ping_status":"open","sticky":false,"template":"","format":"standard","meta":{"content-type":"","footnotes":""},"categories":[16],"tags":[123,2448,5313,1267],"class_list":["post-55210","post","type-post","status-publish","format-standard","has-post-thumbnail","hentry","category-noticias","tag-brasil","tag-diario","tag-noticia","tag-noticias"],"_links":{"self":[{"href":"https:\/\/tvbrazilusa.com\/pt\/wp-json\/wp\/v2\/posts\/55210","targetHints":{"allow":["GET"]}}],"collection":[{"href":"https:\/\/tvbrazilusa.com\/pt\/wp-json\/wp\/v2\/posts"}],"about":[{"href":"https:\/\/tvbrazilusa.com\/pt\/wp-json\/wp\/v2\/types\/post"}],"author":[{"embeddable":true,"href":"https:\/\/tvbrazilusa.com\/pt\/wp-json\/wp\/v2\/users\/1"}],"replies":[{"embeddable":true,"href":"https:\/\/tvbrazilusa.com\/pt\/wp-json\/wp\/v2\/comments?post=55210"}],"version-history":[{"count":1,"href":"https:\/\/tvbrazilusa.com\/pt\/wp-json\/wp\/v2\/posts\/55210\/revisions"}],"predecessor-version":[{"id":55212,"href":"https:\/\/tvbrazilusa.com\/pt\/wp-json\/wp\/v2\/posts\/55210\/revisions\/55212"}],"wp:featuredmedia":[{"embeddable":true,"href":"https:\/\/tvbrazilusa.com\/pt\/wp-json\/wp\/v2\/media\/55211"}],"wp:attachment":[{"href":"https:\/\/tvbrazilusa.com\/pt\/wp-json\/wp\/v2\/media?parent=55210"}],"wp:term":[{"taxonomy":"category","embeddable":true,"href":"https:\/\/tvbrazilusa.com\/pt\/wp-json\/wp\/v2\/categories?post=55210"},{"taxonomy":"post_tag","embeddable":true,"href":"https:\/\/tvbrazilusa.com\/pt\/wp-json\/wp\/v2\/tags?post=55210"}],"curies":[{"name":"wp","href":"https:\/\/api.w.org\/{rel}","templated":true}]}}