{"id":55287,"date":"2024-11-06T09:59:04","date_gmt":"2024-11-06T09:59:04","guid":{"rendered":"https:\/\/tvbrazilusa.com\/2024\/11\/06\/publico-comeca-a-deixar-evento-de-kamala-harris-em-washington-veja-video\/"},"modified":"2024-11-06T09:59:05","modified_gmt":"2024-11-06T09:59:05","slug":"publico-comeca-a-deixar-evento-de-kamala-harris-em-washington-veja-video","status":"publish","type":"post","link":"https:\/\/tvbrazilusa.com\/pt\/2024\/11\/06\/publico-comeca-a-deixar-evento-de-kamala-harris-em-washington-veja-video\/","title":{"rendered":"P\u00fablico come\u00e7a a deixar evento de Kamala Harris em Washington; VEJA V\u00cdDEO"},"content":{"rendered":"<p> <script async src=\"https:\/\/pagead2.googlesyndication.com\/pagead\/js\/adsbygoogle.js?client=ca-pub-8864793242727901\"\r\n     crossorigin=\"anonymous\"><\/script><br \/>\n<\/p>\n<div id=\"taboola-read-more\" style=\"display:block; width:100%\">\n<p>Por volta das 22h20, hor\u00e1rio local, fluxo de sa\u00edda no port\u00e3o principal superava a fila de pessoas entrando na Howard University, local em que est\u00e1 a candidata democrata.\n<\/p>\n<p>ASSISTA:<\/p>\n<blockquote class=\"twitter-tweet\" data-media-max-width=\"560\">\n<p dir=\"ltr\" lang=\"pt\">AGORA: P\u00fablico come\u00e7a a deixar evento de Kamala Harris em Washington.<\/p>\n<p>Por volta das 22h20, hor\u00e1rio local, fluxo de sa\u00edda no port\u00e3o principal superava a fila de pessoas entrando na Howard University, local em que est\u00e1 a candidata democrata.<\/p>\n<p>(\ud83d\udcf9: <a href=\"https:\/\/twitter.com\/SamPancher?ref_src=twsrc%5Etfw\">@SamPancher<\/a>) <a href=\"https:\/\/t.co\/s9cBtlP1e7\">pic.twitter.com\/s9cBtlP1e7<\/a><br \/>\n\u2014 Metr\u00f3poles (@Metropoles) <a href=\"https:\/\/twitter.com\/Metropoles\/status\/1854003315454988537?ref_src=twsrc%5Etfw\">November 6, 2024<\/a><\/p>\n<\/blockquote>\n<\/div>\n<p><script async src=\"\/\/platform.twitter.com\/widgets.js\" charset=\"utf-8\"><\/script><br \/>\n<br \/><br \/>\n<br \/><a href=\"https:\/\/diariodobrasilnoticias.com.br\/noticia\/publico-comeca-a-deixar-evento-de-kamala-harris-em-washington-veja-video-672b3d015eb9a\">Source link <\/a><\/p>","protected":false},"excerpt":{"rendered":"<p>Por volta das 22h20, hor\u00e1rio local, fluxo de sa\u00edda no port\u00e3o principal superava a fila de pessoas entrando na Howard University, local em que est\u00e1 a candidata democrata. ASSISTA: AGORA:&hellip;<\/p>","protected":false},"author":1,"featured_media":55288,"comment_status":"closed","ping_status":"open","sticky":false,"template":"","format":"standard","meta":{"content-type":"","footnotes":""},"categories":[16],"tags":[123,2448,5313,1267],"class_list":["post-55287","post","type-post","status-publish","format-standard","has-post-thumbnail","hentry","category-noticias","tag-brasil","tag-diario","tag-noticia","tag-noticias"],"_links":{"self":[{"href":"https:\/\/tvbrazilusa.com\/pt\/wp-json\/wp\/v2\/posts\/55287","targetHints":{"allow":["GET"]}}],"collection":[{"href":"https:\/\/tvbrazilusa.com\/pt\/wp-json\/wp\/v2\/posts"}],"about":[{"href":"https:\/\/tvbrazilusa.com\/pt\/wp-json\/wp\/v2\/types\/post"}],"author":[{"embeddable":true,"href":"https:\/\/tvbrazilusa.com\/pt\/wp-json\/wp\/v2\/users\/1"}],"replies":[{"embeddable":true,"href":"https:\/\/tvbrazilusa.com\/pt\/wp-json\/wp\/v2\/comments?post=55287"}],"version-history":[{"count":1,"href":"https:\/\/tvbrazilusa.com\/pt\/wp-json\/wp\/v2\/posts\/55287\/revisions"}],"predecessor-version":[{"id":55289,"href":"https:\/\/tvbrazilusa.com\/pt\/wp-json\/wp\/v2\/posts\/55287\/revisions\/55289"}],"wp:featuredmedia":[{"embeddable":true,"href":"https:\/\/tvbrazilusa.com\/pt\/wp-json\/wp\/v2\/media\/55288"}],"wp:attachment":[{"href":"https:\/\/tvbrazilusa.com\/pt\/wp-json\/wp\/v2\/media?parent=55287"}],"wp:term":[{"taxonomy":"category","embeddable":true,"href":"https:\/\/tvbrazilusa.com\/pt\/wp-json\/wp\/v2\/categories?post=55287"},{"taxonomy":"post_tag","embeddable":true,"href":"https:\/\/tvbrazilusa.com\/pt\/wp-json\/wp\/v2\/tags?post=55287"}],"curies":[{"name":"wp","href":"https:\/\/api.w.org\/{rel}","templated":true}]}}