{"id":55299,"date":"2024-11-06T10:54:38","date_gmt":"2024-11-06T10:54:38","guid":{"rendered":"https:\/\/tvbrazilusa.com\/2024\/11\/06\/em-discurso-donald-trump-agradece-elon-musk-genio\/"},"modified":"2024-11-06T10:54:39","modified_gmt":"2024-11-06T10:54:39","slug":"em-discurso-donald-trump-agradece-elon-musk-genio","status":"publish","type":"post","link":"https:\/\/tvbrazilusa.com\/pt\/2024\/11\/06\/em-discurso-donald-trump-agradece-elon-musk-genio\/","title":{"rendered":"Em discurso, Donald Trump agradece Elon Musk: &#8216;G\u00eanio&#8217;"},"content":{"rendered":"<p> <script async src=\"https:\/\/pagead2.googlesyndication.com\/pagead\/js\/adsbygoogle.js?client=ca-pub-8864793242727901\"\r\n     crossorigin=\"anonymous\"><\/script><br \/>\n<br \/>Republicano se dirigiu a apoiadores em Mar-a-Lago, Fl\u00f3rida, e citou o apoio do empres\u00e1rio \u00e0 sua campanha.<br \/>\n<br \/><br \/>\n<br \/><a href=\"https:\/\/diariodobrasilnoticias.com.br\/noticia\/em-discurso-donald-trump-agradece-elon-musk-genio-672b433a0975d\">Source link <\/a><\/p>","protected":false},"excerpt":{"rendered":"<p>Republicano se dirigiu a apoiadores em Mar-a-Lago, Fl\u00f3rida, e citou o apoio do empres\u00e1rio \u00e0 sua campanha. Source link<\/p>","protected":false},"author":1,"featured_media":55300,"comment_status":"closed","ping_status":"open","sticky":false,"template":"","format":"standard","meta":{"content-type":"","footnotes":""},"categories":[16],"tags":[123,2448,5313,1267],"class_list":["post-55299","post","type-post","status-publish","format-standard","has-post-thumbnail","hentry","category-noticias","tag-brasil","tag-diario","tag-noticia","tag-noticias"],"_links":{"self":[{"href":"https:\/\/tvbrazilusa.com\/pt\/wp-json\/wp\/v2\/posts\/55299","targetHints":{"allow":["GET"]}}],"collection":[{"href":"https:\/\/tvbrazilusa.com\/pt\/wp-json\/wp\/v2\/posts"}],"about":[{"href":"https:\/\/tvbrazilusa.com\/pt\/wp-json\/wp\/v2\/types\/post"}],"author":[{"embeddable":true,"href":"https:\/\/tvbrazilusa.com\/pt\/wp-json\/wp\/v2\/users\/1"}],"replies":[{"embeddable":true,"href":"https:\/\/tvbrazilusa.com\/pt\/wp-json\/wp\/v2\/comments?post=55299"}],"version-history":[{"count":1,"href":"https:\/\/tvbrazilusa.com\/pt\/wp-json\/wp\/v2\/posts\/55299\/revisions"}],"predecessor-version":[{"id":55301,"href":"https:\/\/tvbrazilusa.com\/pt\/wp-json\/wp\/v2\/posts\/55299\/revisions\/55301"}],"wp:featuredmedia":[{"embeddable":true,"href":"https:\/\/tvbrazilusa.com\/pt\/wp-json\/wp\/v2\/media\/55300"}],"wp:attachment":[{"href":"https:\/\/tvbrazilusa.com\/pt\/wp-json\/wp\/v2\/media?parent=55299"}],"wp:term":[{"taxonomy":"category","embeddable":true,"href":"https:\/\/tvbrazilusa.com\/pt\/wp-json\/wp\/v2\/categories?post=55299"},{"taxonomy":"post_tag","embeddable":true,"href":"https:\/\/tvbrazilusa.com\/pt\/wp-json\/wp\/v2\/tags?post=55299"}],"curies":[{"name":"wp","href":"https:\/\/api.w.org\/{rel}","templated":true}]}}